{"id":360089,"date":"2022-03-18T08:26:00","date_gmt":"2022-03-18T12:26:00","guid":{"rendered":"http:\/\/primermomento.com\/?p=360089"},"modified":"2022-03-18T09:30:52","modified_gmt":"2022-03-18T13:30:52","slug":"banreservas-auspicio-libro-de-periodismo-de-miguel-franjul","status":"publish","type":"post","link":"https:\/\/primermomento.com\/?p=360089","title":{"rendered":"Banreservas auspici\u00f3 libro de periodismo de Miguel Franjul"},"content":{"rendered":"\n<p class=\"wp-block-paragraph\">SANTO DOMINGO, Rep\u00fablica Dominicana.- El Banco de Reservas auspici\u00f3 la publicaci\u00f3n del libro \u201cLas nuevas dimensiones del periodismo\u201d, del destacado periodista Miguel Franjul, una recopilaci\u00f3n de 250 art\u00edculos sobre las oportunidades y desaf\u00edos que ha generado la transformaci\u00f3n digital para los periodistas.<\/p>\n\n\n\n<div class=\"wp-block-image\"><figure class=\"aligncenter size-full\"><img loading=\"lazy\" decoding=\"async\" width=\"611\" height=\"439\" src=\"http:\/\/primermomento.com\/wp-content\/uploads\/2022\/03\/Libro-Miguel-Franjul.jpg\" alt=\"\" class=\"wp-image-360090\" srcset=\"https:\/\/primermomento.com\/wp-content\/uploads\/2022\/03\/Libro-Miguel-Franjul.jpg 611w, https:\/\/primermomento.com\/wp-content\/uploads\/2022\/03\/Libro-Miguel-Franjul-300x216.jpg 300w, https:\/\/primermomento.com\/wp-content\/uploads\/2022\/03\/Libro-Miguel-Franjul-500x359.jpg 500w, https:\/\/primermomento.com\/wp-content\/uploads\/2022\/03\/Libro-Miguel-Franjul-280x201.jpg 280w, https:\/\/primermomento.com\/wp-content\/uploads\/2022\/03\/Libro-Miguel-Franjul-118x85.jpg 118w, https:\/\/primermomento.com\/wp-content\/uploads\/2022\/03\/Libro-Miguel-Franjul-479x344.jpg 479w\" sizes=\"auto, (max-width: 611px) 100vw, 611px\" \/><\/figure><\/div>\n\n\n\n<p class=\"wp-block-paragraph\">El administrador general de la instituci\u00f3n financiera, Samuel Pereyra, destac\u00f3 que Franjul ofrece a sus lectores una selecci\u00f3n de opiniones esclarecedoras basadas en su s\u00f3lida experiencia y en la sabidur\u00eda que solo se adquiere en el ejercicio diario y apasionado de una profesi\u00f3n.<\/p>\n\n\n\n<p class=\"wp-block-paragraph\">\u201cEn esta obra se ofrecen valiosas informaciones, an\u00e1lisis y perspectivas sobre temas relacionados con el acontecer nacional y el trabajo de prensa, escritos con plena conocimiento de causa, de manera clara y directa en su estilo y con una pasi\u00f3n inmensa por esa profesi\u00f3n tan absorbente y comprometida\u201d, analiz\u00f3 Pereyra.<\/p>\n\n\n\n<p class=\"wp-block-paragraph\">Al momento de presentar su publicaci\u00f3n, Franjul sostuvo que \u201ccada d\u00eda surgen innovaciones y aplicaciones tecnol\u00f3gicas que nos obligan a revisar nuestro modelo y a realizar las readecuaciones necesarias. Es un ejercicio de prueba y error del que no podemos sustraernos si queremos estar en la vanguardia de la transformaci\u00f3n\u201d.<\/p>\n\n\n\n<p class=\"wp-block-paragraph\">Para examinar los puntos m\u00e1s relevantes de esta selecci\u00f3n de art\u00edculos publicados en su columna dominical de Franjul \u201cReflexiones del director\u201d, en el List\u00edn Diario, el periodista Juan Eduardo Thomas, director en jefe del List\u00edn Diario.<\/p>\n\n\n\n<p class=\"wp-block-paragraph\">digital y prologuista, realiz\u00f3 una presentaci\u00f3n y moder\u00f3 un panel conversatorio con los periodistas Carolina Pichardo, Helenny Amparo, Yadimir Crespo y Saulo Mota.<\/p>\n\n\n\n<p class=\"wp-block-paragraph\">\u201cLas nuevas dimensiones del periodismo\u201d estar\u00e1 disponible en las librer\u00edas Cuesta de Santo Domingo y Santiago, en los Supermercados Nacional de distintas partes del pa\u00eds, y a trav\u00e9s de plataformas universales como Amazon y Kindle.<\/p>\n\n\n\n<p class=\"wp-block-paragraph\">El escritor, adem\u00e1s, es autor de otros siete libros: \u201cSomoza y Duvalier, la ca\u00edda de dos dinast\u00edas \u201c, \u201cBosch, noventa d\u00edas de clandestinidad \u201c, \u201cLa sociedad encancerada\u201d, \u201cA la vera de la noticia\u201d, \u201cEditoriales banilejos\u201d, \u201cEl poder de la palabra\u201d y \u201cTrama contra la soberan\u00eda\u00bb.<\/p>\n","protected":false},"excerpt":{"rendered":"<p>SANTO DOMINGO, Rep\u00fablica Dominicana.- El Banco de Reservas auspici\u00f3 la publicaci\u00f3n del libro \u201cLas nuevas dimensiones del periodismo\u201d, del destacado periodista Miguel Franjul, una recopilaci\u00f3n de 250 art\u00edculos sobre las oportunidades y desaf\u00edos que ha generado la transformaci\u00f3n digital para los periodistas. El administrador general de la instituci\u00f3n financiera, Samuel Pereyra, destac\u00f3 que Franjul ofrece [&hellip;]<\/p>\n","protected":false},"author":1,"featured_media":0,"comment_status":"open","ping_status":"open","sticky":false,"template":"","format":"standard","meta":{"_bbp_topic_count":0,"_bbp_reply_count":0,"_bbp_total_topic_count":0,"_bbp_total_reply_count":0,"_bbp_voice_count":0,"_bbp_anonymous_reply_count":0,"_bbp_topic_count_hidden":0,"_bbp_reply_count_hidden":0,"_bbp_forum_subforum_count":0,"footnotes":""},"categories":[39,60],"tags":[],"class_list":["post-360089","post","type-post","status-publish","format-standard","category-entretenimiento","category-titulares-del-dia"],"_links":{"self":[{"href":"https:\/\/primermomento.com\/index.php?rest_route=\/wp\/v2\/posts\/360089","targetHints":{"allow":["GET"]}}],"collection":[{"href":"https:\/\/primermomento.com\/index.php?rest_route=\/wp\/v2\/posts"}],"about":[{"href":"https:\/\/primermomento.com\/index.php?rest_route=\/wp\/v2\/types\/post"}],"author":[{"embeddable":true,"href":"https:\/\/primermomento.com\/index.php?rest_route=\/wp\/v2\/users\/1"}],"replies":[{"embeddable":true,"href":"https:\/\/primermomento.com\/index.php?rest_route=%2Fwp%2Fv2%2Fcomments&post=360089"}],"version-history":[{"count":1,"href":"https:\/\/primermomento.com\/index.php?rest_route=\/wp\/v2\/posts\/360089\/revisions"}],"predecessor-version":[{"id":360091,"href":"https:\/\/primermomento.com\/index.php?rest_route=\/wp\/v2\/posts\/360089\/revisions\/360091"}],"wp:attachment":[{"href":"https:\/\/primermomento.com\/index.php?rest_route=%2Fwp%2Fv2%2Fmedia&parent=360089"}],"wp:term":[{"taxonomy":"category","embeddable":true,"href":"https:\/\/primermomento.com\/index.php?rest_route=%2Fwp%2Fv2%2Fcategories&post=360089"},{"taxonomy":"post_tag","embeddable":true,"href":"https:\/\/primermomento.com\/index.php?rest_route=%2Fwp%2Fv2%2Ftags&post=360089"}],"curies":[{"name":"wp","href":"https:\/\/api.w.org\/{rel}","templated":true}]}}