{"id":360218,"date":"2022-03-21T09:10:00","date_gmt":"2022-03-21T13:10:00","guid":{"rendered":"http:\/\/primermomento.com\/?p=360218"},"modified":"2022-03-21T12:16:33","modified_gmt":"2022-03-21T16:16:33","slug":"pionero-del-regueton-daddy-yankee-anuncio-retiro","status":"publish","type":"post","link":"https:\/\/primermomento.com\/?p=360218","title":{"rendered":"Pionero del reguet\u00f3n Daddy Yankee anunci\u00f3 retiro"},"content":{"rendered":"\n<p class=\"wp-block-paragraph\">SAN JUAN, Puerto Rico.- El cantante de reguet\u00f3n, actor, productor cinematogr\u00e1fico y empresario puertorrique\u00f1o Ram\u00f3n Ayala, conocido como Daddy Yankee, ocupa hoy numerosos titulares tras anunciar su adi\u00f3s de los escenarios internacionales y la industria musical.<\/p>\n\n\n\n<div class=\"wp-block-image\"><figure class=\"aligncenter size-full\"><img loading=\"lazy\" decoding=\"async\" width=\"1018\" height=\"675\" src=\"http:\/\/primermomento.com\/wp-content\/uploads\/2022\/03\/Daddy-Yankee.jpg\" alt=\"\" class=\"wp-image-360219\" srcset=\"https:\/\/primermomento.com\/wp-content\/uploads\/2022\/03\/Daddy-Yankee.jpg 1018w, https:\/\/primermomento.com\/wp-content\/uploads\/2022\/03\/Daddy-Yankee-300x199.jpg 300w, https:\/\/primermomento.com\/wp-content\/uploads\/2022\/03\/Daddy-Yankee-768x509.jpg 768w, https:\/\/primermomento.com\/wp-content\/uploads\/2022\/03\/Daddy-Yankee-500x332.jpg 500w, https:\/\/primermomento.com\/wp-content\/uploads\/2022\/03\/Daddy-Yankee-280x186.jpg 280w, https:\/\/primermomento.com\/wp-content\/uploads\/2022\/03\/Daddy-Yankee-60x40.jpg 60w, https:\/\/primermomento.com\/wp-content\/uploads\/2022\/03\/Daddy-Yankee-638x423.jpg 638w, https:\/\/primermomento.com\/wp-content\/uploads\/2022\/03\/Daddy-Yankee-118x78.jpg 118w, https:\/\/primermomento.com\/wp-content\/uploads\/2022\/03\/Daddy-Yankee-479x318.jpg 479w, https:\/\/primermomento.com\/wp-content\/uploads\/2022\/03\/Daddy-Yankee-153x100.jpg 153w\" sizes=\"auto, (max-width: 1018px) 100vw, 1018px\" \/><\/figure><\/div>\n\n\n\n<p class=\"wp-block-paragraph\">Estoy anunciando mi retiro de la m\u00fasica brind\u00e1ndoles mi mejor producci\u00f3n y mi mejor gira de conciertos. Me despedir\u00e9 celebrando estos 32 a\u00f1os de trayectoria con esta nueva pieza de colecci\u00f3n. Les voy a dar todos los estilos que me han definido, en una sola producci\u00f3n\u201d, inform\u00f3 a trav\u00e9s de un video en la red social Instagram.<\/p>\n\n\n\n<p class=\"wp-block-paragraph\">Daddy Yankee, de los m\u00e1s populares exponentes del g\u00e9nero en Latinoam\u00e9rica, confirm\u00f3 el lanzamiento de su \u00faltimo disco, Legendaddy, que saldr\u00e1 al mercado el 24 de marzo, y el inicio de su gira final denominada La \u00faltima vuelta, la cual abarca varias ciudades de Estados Unidos y M\u00e9xico.<\/p>\n\n\n\n<p class=\"wp-block-paragraph\">\u00abEsta carrera, que ha sido un marat\u00f3n, al fin veo la meta. Ahora voy a disfrutar con todos ustedes lo que me han dado, lo que me han regalado\u00bb, public\u00f3 el artista boricua de 45 a\u00f1os, quien reconoci\u00f3 que sus seguidores son \u201cel tesoro m\u00e1s grande\u00bb.<\/p>\n\n\n\n<p class=\"wp-block-paragraph\">El int\u00e9rprete de \u00e9xitos como Gasolina, Lo que pas\u00f3 pas\u00f3 y Somos Calle logr\u00f3 catapultar el reggaet\u00f3n en Iberoam\u00e9rica y diversos pa\u00edses de habla no hispana mientras su globalizado dueto en Despacito con el coterr\u00e1neo Luis Fonsi rein\u00f3 en el n\u00famero uno en las listas de Billboard durante 16 semanas.<\/p>\n\n\n\n<p class=\"wp-block-paragraph\">Considerado uno de los pioneros del g\u00e9nero urbano, su disco Barrio Fino lo proyect\u00f3 a nivel internacional y le permiti\u00f3 ganar diversos premios como el Billboard de la M\u00fasica Latina (2005) y un Grammy Latino en 2006.<\/p>\n\n\n\n<p class=\"has-text-align-right wp-block-paragraph\"><em>PL<\/em><\/p>\n","protected":false},"excerpt":{"rendered":"<p>SAN JUAN, Puerto Rico.- El cantante de reguet\u00f3n, actor, productor cinematogr\u00e1fico y empresario puertorrique\u00f1o Ram\u00f3n Ayala, conocido como Daddy Yankee, ocupa hoy numerosos titulares tras anunciar su adi\u00f3s de los escenarios internacionales y la industria musical. Estoy anunciando mi retiro de la m\u00fasica brind\u00e1ndoles mi mejor producci\u00f3n y mi mejor gira de conciertos. Me despedir\u00e9 [&hellip;]<\/p>\n","protected":false},"author":1,"featured_media":0,"comment_status":"open","ping_status":"open","sticky":false,"template":"","format":"standard","meta":{"_bbp_topic_count":0,"_bbp_reply_count":0,"_bbp_total_topic_count":0,"_bbp_total_reply_count":0,"_bbp_voice_count":0,"_bbp_anonymous_reply_count":0,"_bbp_topic_count_hidden":0,"_bbp_reply_count_hidden":0,"_bbp_forum_subforum_count":0,"footnotes":""},"categories":[39,60],"tags":[],"class_list":["post-360218","post","type-post","status-publish","format-standard","category-entretenimiento","category-titulares-del-dia"],"_links":{"self":[{"href":"https:\/\/primermomento.com\/index.php?rest_route=\/wp\/v2\/posts\/360218","targetHints":{"allow":["GET"]}}],"collection":[{"href":"https:\/\/primermomento.com\/index.php?rest_route=\/wp\/v2\/posts"}],"about":[{"href":"https:\/\/primermomento.com\/index.php?rest_route=\/wp\/v2\/types\/post"}],"author":[{"embeddable":true,"href":"https:\/\/primermomento.com\/index.php?rest_route=\/wp\/v2\/users\/1"}],"replies":[{"embeddable":true,"href":"https:\/\/primermomento.com\/index.php?rest_route=%2Fwp%2Fv2%2Fcomments&post=360218"}],"version-history":[{"count":1,"href":"https:\/\/primermomento.com\/index.php?rest_route=\/wp\/v2\/posts\/360218\/revisions"}],"predecessor-version":[{"id":360220,"href":"https:\/\/primermomento.com\/index.php?rest_route=\/wp\/v2\/posts\/360218\/revisions\/360220"}],"wp:attachment":[{"href":"https:\/\/primermomento.com\/index.php?rest_route=%2Fwp%2Fv2%2Fmedia&parent=360218"}],"wp:term":[{"taxonomy":"category","embeddable":true,"href":"https:\/\/primermomento.com\/index.php?rest_route=%2Fwp%2Fv2%2Fcategories&post=360218"},{"taxonomy":"post_tag","embeddable":true,"href":"https:\/\/primermomento.com\/index.php?rest_route=%2Fwp%2Fv2%2Ftags&post=360218"}],"curies":[{"name":"wp","href":"https:\/\/api.w.org\/{rel}","templated":true}]}}