{"id":360419,"date":"2022-03-24T08:50:00","date_gmt":"2022-03-24T12:50:00","guid":{"rendered":"http:\/\/primermomento.com\/?p=360419"},"modified":"2022-03-24T16:53:54","modified_gmt":"2022-03-24T20:53:54","slug":"anuncian-nuevas-actuaciones-en-entrega-de-premios-grammy","status":"publish","type":"post","link":"https:\/\/primermomento.com\/?p=360419","title":{"rendered":"Anuncian nuevas actuaciones en entrega de premios Grammy"},"content":{"rendered":"\n<p class=\"wp-block-paragraph\">SANTO DOMINGO, Rep\u00fablica Dominicana.- Los cantantes Jon Batiste, Chris Stapleton y la banda Foo Fighters se suman hoy a la lista de artistas que actuar\u00e1n en la 64 entrega de los premios Grammy, fijada para el 3 de abril.<\/p>\n\n\n\n<div class=\"wp-block-image\"><figure class=\"aligncenter size-full\"><img loading=\"lazy\" decoding=\"async\" width=\"748\" height=\"498\" src=\"http:\/\/primermomento.com\/wp-content\/uploads\/2018\/09\/Grammy-Latino.jpg\" alt=\"\" class=\"wp-image-310020\" srcset=\"https:\/\/primermomento.com\/wp-content\/uploads\/2018\/09\/Grammy-Latino.jpg 748w, https:\/\/primermomento.com\/wp-content\/uploads\/2018\/09\/Grammy-Latino-300x200.jpg 300w, https:\/\/primermomento.com\/wp-content\/uploads\/2018\/09\/Grammy-Latino-73x50.jpg 73w, https:\/\/primermomento.com\/wp-content\/uploads\/2018\/09\/Grammy-Latino-500x333.jpg 500w, https:\/\/primermomento.com\/wp-content\/uploads\/2018\/09\/Grammy-Latino-280x186.jpg 280w, https:\/\/primermomento.com\/wp-content\/uploads\/2018\/09\/Grammy-Latino-60x40.jpg 60w, https:\/\/primermomento.com\/wp-content\/uploads\/2018\/09\/Grammy-Latino-638x425.jpg 638w, https:\/\/primermomento.com\/wp-content\/uploads\/2018\/09\/Grammy-Latino-118x79.jpg 118w, https:\/\/primermomento.com\/wp-content\/uploads\/2018\/09\/Grammy-Latino-479x319.jpg 479w\" sizes=\"auto, (max-width: 748px) 100vw, 748px\" \/><\/figure><\/div>\n\n\n\n<p class=\"wp-block-paragraph\">Seg\u00fan la Academia Nacional de Artes y Ciencias de la Grabaci\u00f3n de Estados Unidos tambi\u00e9n subir\u00e1n al escenario del MGM Grand Garden Arena de Las Vegas, la int\u00e9rprete H.E.R y el rapero Nas.<\/p>\n\n\n\n<p class=\"wp-block-paragraph\">De acuerdo con los organizadores durante la ceremonia los cantantes Cynthia Erivo, Leslie Odom Jr., Ben Platt y Rachel Zegler, rendir\u00e1n homenaje al legendario compositor Stephen Sondheim, fallecido el pasado a\u00f1o, con una interpretaci\u00f3n especial de algunas de sus canciones.<\/p>\n\n\n\n<p class=\"wp-block-paragraph\">Estos artistas se unen a los ya anunciados Billie Eilish, Lil Nas X, Olivia Rodrigo, la banda surcoreana BTS, Jack Harlow, Brandi Carlisle y el grupo de country Brothers Osborne.<\/p>\n\n\n\n<p class=\"wp-block-paragraph\">Batiste lidera las nominaciones en esta edici\u00f3n con 11 candidaturas, en una variedad de g\u00e9neros que incluyen rhythm and blues, jazz, m\u00fasica tradicional e instrumental, y videos musicales.<\/p>\n\n\n\n<p class=\"wp-block-paragraph\">Entre los artistas con m\u00e1s nominaciones tambi\u00e9n aparecen Eilish, Rodrigo, Justin Bieber, Lil Nas X y Doja Cat, los que optan por algunos de los premios m\u00e1s codiciados en categor\u00edas como Mejor \u00e1lbum del a\u00f1o y Grabaci\u00f3n del a\u00f1o.<\/p>\n\n\n\n<p class=\"wp-block-paragraph\">Por su parte Foo Fighters, doce veces ganadores del Grammy, obtuvo tres nominaciones este a\u00f1o a Mejor Interpretaci\u00f3n Rock (Making A Fire), Mejor Canci\u00f3n Rock (Waiting On A War) y Mejor \u00c1lbum Rock (Medicine At Midnight).<\/p>\n\n\n\n<p class=\"wp-block-paragraph\">En la secci\u00f3n Mejor \u00e1lbum de m\u00fasica pop latina y urbana compiten por el gram\u00f3fono el espa\u00f1ol Pablo Albor\u00e1n, Paula Arenas, Ricardo Arjona, Camilo, entre otros.<\/p>\n\n\n\n<p class=\"has-text-align-right wp-block-paragraph\"><em>PL<\/em><\/p>\n","protected":false},"excerpt":{"rendered":"<p>SANTO DOMINGO, Rep\u00fablica Dominicana.- Los cantantes Jon Batiste, Chris Stapleton y la banda Foo Fighters se suman hoy a la lista de artistas que actuar\u00e1n en la 64 entrega de los premios Grammy, fijada para el 3 de abril. Seg\u00fan la Academia Nacional de Artes y Ciencias de la Grabaci\u00f3n de Estados Unidos tambi\u00e9n subir\u00e1n [&hellip;]<\/p>\n","protected":false},"author":1,"featured_media":0,"comment_status":"open","ping_status":"open","sticky":false,"template":"","format":"standard","meta":{"_bbp_topic_count":0,"_bbp_reply_count":0,"_bbp_total_topic_count":0,"_bbp_total_reply_count":0,"_bbp_voice_count":0,"_bbp_anonymous_reply_count":0,"_bbp_topic_count_hidden":0,"_bbp_reply_count_hidden":0,"_bbp_forum_subforum_count":0,"footnotes":""},"categories":[39,60],"tags":[],"class_list":["post-360419","post","type-post","status-publish","format-standard","category-entretenimiento","category-titulares-del-dia"],"_links":{"self":[{"href":"https:\/\/primermomento.com\/index.php?rest_route=\/wp\/v2\/posts\/360419","targetHints":{"allow":["GET"]}}],"collection":[{"href":"https:\/\/primermomento.com\/index.php?rest_route=\/wp\/v2\/posts"}],"about":[{"href":"https:\/\/primermomento.com\/index.php?rest_route=\/wp\/v2\/types\/post"}],"author":[{"embeddable":true,"href":"https:\/\/primermomento.com\/index.php?rest_route=\/wp\/v2\/users\/1"}],"replies":[{"embeddable":true,"href":"https:\/\/primermomento.com\/index.php?rest_route=%2Fwp%2Fv2%2Fcomments&post=360419"}],"version-history":[{"count":1,"href":"https:\/\/primermomento.com\/index.php?rest_route=\/wp\/v2\/posts\/360419\/revisions"}],"predecessor-version":[{"id":360420,"href":"https:\/\/primermomento.com\/index.php?rest_route=\/wp\/v2\/posts\/360419\/revisions\/360420"}],"wp:attachment":[{"href":"https:\/\/primermomento.com\/index.php?rest_route=%2Fwp%2Fv2%2Fmedia&parent=360419"}],"wp:term":[{"taxonomy":"category","embeddable":true,"href":"https:\/\/primermomento.com\/index.php?rest_route=%2Fwp%2Fv2%2Fcategories&post=360419"},{"taxonomy":"post_tag","embeddable":true,"href":"https:\/\/primermomento.com\/index.php?rest_route=%2Fwp%2Fv2%2Ftags&post=360419"}],"curies":[{"name":"wp","href":"https:\/\/api.w.org\/{rel}","templated":true}]}}