{"id":360589,"date":"2022-03-28T11:04:58","date_gmt":"2022-03-28T15:04:58","guid":{"rendered":"http:\/\/primermomento.com\/?p=360589"},"modified":"2022-03-28T11:04:59","modified_gmt":"2022-03-28T15:04:59","slug":"viceconsul-de-ny-trato-de-incidentar-programa-el-sol-de-la-manana","status":"publish","type":"post","link":"https:\/\/primermomento.com\/?p=360589","title":{"rendered":"Vicec\u00f3nsul de NY trat\u00f3 de incidentar programa \u201cEl Sol de la Ma\u00f1ana\u201d"},"content":{"rendered":"\n<p class=\"wp-block-paragraph\">NUEVA YORK, EEUU.- El vicec\u00f3nsul del Partido Revolucionario Moderno (PRM) en esta ciudad, Yul\u00edn Mateo, trat\u00f3 de incidentar el programa radial \u201cEl Sol de la Ma\u00f1ana\u201d, durante su transmisi\u00f3n vivo desde Manhattan, al cual hab\u00eda asistido en representaci\u00f3n del c\u00f3nsul Eligio J\u00e1quez.<\/p>\n\n\n\n<div class=\"wp-block-image\"><figure class=\"alignright size-full\"><img loading=\"lazy\" decoding=\"async\" width=\"325\" height=\"381\" src=\"http:\/\/primermomento.com\/wp-content\/uploads\/2022\/03\/Viceconsul-NY-trato-incidentar-programa-El-Sol-de-la-Manana.jpg\" alt=\"\" class=\"wp-image-360590\" srcset=\"https:\/\/primermomento.com\/wp-content\/uploads\/2022\/03\/Viceconsul-NY-trato-incidentar-programa-El-Sol-de-la-Manana.jpg 325w, https:\/\/primermomento.com\/wp-content\/uploads\/2022\/03\/Viceconsul-NY-trato-incidentar-programa-El-Sol-de-la-Manana-256x300.jpg 256w, https:\/\/primermomento.com\/wp-content\/uploads\/2022\/03\/Viceconsul-NY-trato-incidentar-programa-El-Sol-de-la-Manana-188x220.jpg 188w, https:\/\/primermomento.com\/wp-content\/uploads\/2022\/03\/Viceconsul-NY-trato-incidentar-programa-El-Sol-de-la-Manana-118x138.jpg 118w\" sizes=\"auto, (max-width: 325px) 100vw, 325px\" \/><\/figure><\/div>\n\n\n\n<p class=\"wp-block-paragraph\">La actitud de Mateo se produjo luego que a su llegada tuvo que esperar una media hora porque en ese momento se encontraba exponiendo el presidente de la Junta Central Electoral (JCE), Rom\u00e1n J\u00e1quez.<\/p>\n\n\n\n<p class=\"wp-block-paragraph\">Luego de J\u00e1quez concluir y marcharse, el vicec\u00f3nsul se dirigi\u00f3 con voz estruendosa al staff del programa (Antonio Espaillat, Julio Mart\u00ednez Pozo, Virgilio Feliz, Pedro Jim\u00e9nez, Holy Matos y Lea Jim\u00e9nez) recriminando \u201cpor qu\u00e9 le hacen esperar tanto para entrevistarlo\u201d.<\/p>\n\n\n\n<p class=\"wp-block-paragraph\">Ante la situaci\u00f3n, Espaillat trat\u00f3 de calmarlo manifest\u00e1ndole \u201custed viene ahora se\u00f1or vicec\u00f3nsul\u201d. Mart\u00ednez Pozo agreg\u00f3 \u201cpara que todos puedan exponer vamos a sentarlo junto a usted, a Diana Reyna, candidata a la vice gobernaci\u00f3n por el estado de NY, y el alto dirigente del PLD, Gregorio Malena\u201d. (10:34 AM)<\/p>\n\n\n\n<p class=\"wp-block-paragraph\">\u201cNo, no, no\u201d, respondi\u00f3 Mateo a todo pulm\u00f3n, \u201ca mi hay que entrevistarme solo, no junto a ellos, soy un alto funcionario del gobierno como vicec\u00f3nsul, adem\u00e1s, del partido de gobierno, y vengo en representaci\u00f3n del c\u00f3nsul\u201d.<\/p>\n\n\n\n<p class=\"wp-block-paragraph\">Espaillat volvi\u00f3 a intervenir dici\u00e9ndole: \u201cPero hasta el presidente Abinader esper\u00f3 su turno y comparti\u00f3 mesa con nosotros en Espa\u00f1a\u201d.<\/p>\n\n\n\n<p class=\"wp-block-paragraph\">Mateo gru\u00f1\u00f3 y expres\u00f3 \u201c\u00a1bueno! yo no puedo esperar\u201d, lo que dio lugar a que lo entrevistaran de primero para exponer datos repetitivos ante la comunidad, algunas veces imprecisos, y para auto vanagloriarse.&nbsp;<\/p>\n\n\n\n<p class=\"wp-block-paragraph\">Dominicanos que participaban como observadores en dicho programa condenaron la acci\u00f3n: \u201cMateo es un engre\u00eddo, presumido y altanero\u201d, dijeron.<\/p>\n\n\n\n<p class=\"wp-block-paragraph\">\u201cDista mucho de la humildad, educaci\u00f3n y conocimiento que tiene el c\u00f3nsul Eligio, y del presidente Abinader ni se diga\u201d, sostuvieron.<\/p>\n\n\n\n<p class=\"wp-block-paragraph\">El autor de esta cr\u00f3nica, con quien tambi\u00e9n intercambi\u00f3 expresiones fuera de tono, fue testigo presencial del cuestionado comportamiento de Mateo fuera de c\u00e1mara. Al marcharse, el funcionario gubernamental le coment\u00f3 a parte del p\u00fablico \u201ctuve que imponerme\u201d, como si el episodio de mal gusto fuera algo elogioso.<\/p>\n\n\n\n<p class=\"has-text-align-right wp-block-paragraph\"><em>Ram\u00f3n Mercedes<\/em><\/p>\n","protected":false},"excerpt":{"rendered":"<p>NUEVA YORK, EEUU.- El vicec\u00f3nsul del Partido Revolucionario Moderno (PRM) en esta ciudad, Yul\u00edn Mateo, trat\u00f3 de incidentar el programa radial \u201cEl Sol de la Ma\u00f1ana\u201d, durante su transmisi\u00f3n vivo desde Manhattan, al cual hab\u00eda asistido en representaci\u00f3n del c\u00f3nsul Eligio J\u00e1quez. La actitud de Mateo se produjo luego que a su llegada tuvo que [&hellip;]<\/p>\n","protected":false},"author":1,"featured_media":0,"comment_status":"open","ping_status":"open","sticky":false,"template":"","format":"standard","meta":{"_bbp_topic_count":0,"_bbp_reply_count":0,"_bbp_total_topic_count":0,"_bbp_total_reply_count":0,"_bbp_voice_count":0,"_bbp_anonymous_reply_count":0,"_bbp_topic_count_hidden":0,"_bbp_reply_count_hidden":0,"_bbp_forum_subforum_count":0,"footnotes":""},"categories":[39,60],"tags":[],"class_list":["post-360589","post","type-post","status-publish","format-standard","category-entretenimiento","category-titulares-del-dia"],"_links":{"self":[{"href":"https:\/\/primermomento.com\/index.php?rest_route=\/wp\/v2\/posts\/360589","targetHints":{"allow":["GET"]}}],"collection":[{"href":"https:\/\/primermomento.com\/index.php?rest_route=\/wp\/v2\/posts"}],"about":[{"href":"https:\/\/primermomento.com\/index.php?rest_route=\/wp\/v2\/types\/post"}],"author":[{"embeddable":true,"href":"https:\/\/primermomento.com\/index.php?rest_route=\/wp\/v2\/users\/1"}],"replies":[{"embeddable":true,"href":"https:\/\/primermomento.com\/index.php?rest_route=%2Fwp%2Fv2%2Fcomments&post=360589"}],"version-history":[{"count":1,"href":"https:\/\/primermomento.com\/index.php?rest_route=\/wp\/v2\/posts\/360589\/revisions"}],"predecessor-version":[{"id":360591,"href":"https:\/\/primermomento.com\/index.php?rest_route=\/wp\/v2\/posts\/360589\/revisions\/360591"}],"wp:attachment":[{"href":"https:\/\/primermomento.com\/index.php?rest_route=%2Fwp%2Fv2%2Fmedia&parent=360589"}],"wp:term":[{"taxonomy":"category","embeddable":true,"href":"https:\/\/primermomento.com\/index.php?rest_route=%2Fwp%2Fv2%2Fcategories&post=360589"},{"taxonomy":"post_tag","embeddable":true,"href":"https:\/\/primermomento.com\/index.php?rest_route=%2Fwp%2Fv2%2Ftags&post=360589"}],"curies":[{"name":"wp","href":"https:\/\/api.w.org\/{rel}","templated":true}]}}