{"id":360726,"date":"2022-03-30T11:22:00","date_gmt":"2022-03-30T15:22:00","guid":{"rendered":"http:\/\/primermomento.com\/?p=360726"},"modified":"2022-03-30T14:26:14","modified_gmt":"2022-03-30T18:26:14","slug":"el-salsero-gilberto-santa-rosa-presenta-en-mexico-su-gira-caminalo","status":"publish","type":"post","link":"https:\/\/primermomento.com\/?p=360726","title":{"rendered":"El salsero Gilberto Santa Rosa presenta en M\u00e9xico su gira Cam\u00ednalo"},"content":{"rendered":"\n<p class=\"wp-block-paragraph\">CIUDAD DE M\u00c9XICO, M\u00e9xico.- El boricua Gilberto Santa Rosa, El caballero de la salsa, vuelve hoy a M\u00e9xico para presentarse en el Pabell\u00f3n M de Monterrey y el Auditorio Nacional de Ciudad de M\u00e9xico con su gira Cam\u00ednalo.<\/p>\n\n\n\n<div class=\"wp-block-image\"><figure class=\"aligncenter size-full\"><img loading=\"lazy\" decoding=\"async\" width=\"633\" height=\"394\" src=\"http:\/\/primermomento.com\/wp-content\/uploads\/2022\/03\/gilberto-santa-rosa1.jpg\" alt=\"\" class=\"wp-image-360727\" srcset=\"https:\/\/primermomento.com\/wp-content\/uploads\/2022\/03\/gilberto-santa-rosa1.jpg 633w, https:\/\/primermomento.com\/wp-content\/uploads\/2022\/03\/gilberto-santa-rosa1-300x187.jpg 300w, https:\/\/primermomento.com\/wp-content\/uploads\/2022\/03\/gilberto-santa-rosa1-500x311.jpg 500w, https:\/\/primermomento.com\/wp-content\/uploads\/2022\/03\/gilberto-santa-rosa1-280x174.jpg 280w, https:\/\/primermomento.com\/wp-content\/uploads\/2022\/03\/gilberto-santa-rosa1-118x73.jpg 118w, https:\/\/primermomento.com\/wp-content\/uploads\/2022\/03\/gilberto-santa-rosa1-479x298.jpg 479w\" sizes=\"auto, (max-width: 633px) 100vw, 633px\" \/><\/figure><\/div>\n\n\n\n<p class=\"wp-block-paragraph\">As\u00ed lo se\u00f1ala un comunicado de los auspiciadores en el cual se anuncia que sus actuaciones comenzar\u00e1n ma\u00f1ana como una parada de este conjunto de actuaciones, y seguir\u00e1n el 1 y 3 de abril en Monterrey, Ciudad de M\u00e9xico y Guadalajara.<\/p>\n\n\n\n<p class=\"wp-block-paragraph\">Estamos en M\u00e9xico contentos, entusiasmados. Despu\u00e9s de tantos a\u00f1os en la carrera, tener un proyecto nuevo, una nueva gira es siempre una buena noticia, se\u00f1al\u00f3 el artista.<\/p>\n\n\n\n<p class=\"wp-block-paragraph\">Vine a M\u00e9xico por primera vez en 1989, a Ciudad de M\u00e9xico, y nunca pens\u00e9 que desde esa fecha para ac\u00e1 ir\u00eda por lo menos una vez al a\u00f1o a diferentes foros, ciudades y lugares del pa\u00eds, se\u00f1ala la nota.<\/p>\n\n\n\n<p class=\"wp-block-paragraph\">Esta gira, explica la informaci\u00f3n, es la continuaci\u00f3n de la que comenz\u00f3 en octubre del a\u00f1o pasado y que planea terminar en noviembre de 2022.<\/p>\n\n\n\n<p class=\"wp-block-paragraph\">Gilberto llega a M\u00e9xico despu\u00e9s del lanzamiento de \u201cConteo regresivo\u201d, tema que grab\u00f3 junto a Yuri para su disco Celebrando una leyenda, en el que la cantante interpreta 19 temas de otros autores.<\/p>\n\n\n\n<p class=\"wp-block-paragraph\">Lo de Yuri fue un gran honor para m\u00ed, el ser requerido para formar parte del elenco que la acompa\u00f1a en sus m\u00e1s de 40 a\u00f1os de carrera. Fue doble el honor estar ah\u00ed, cantar con ella y cantar una canci\u00f3n de las que yo he compuesto, narr\u00f3.<\/p>\n\n\n\n<p class=\"wp-block-paragraph\">Dijo que tiene muchos proyectos. Estamos grabando m\u00fasica nueva, preparando el pr\u00f3ximo proyecto, pues 2022 va a ser un a\u00f1o de mucha actividad, cosa que nos mantiene animados, entusiasmados y comprometidos con la carrera, mencion\u00f3.<\/p>\n\n\n\n<p class=\"has-text-align-right wp-block-paragraph\"><em>PL<\/em><\/p>\n","protected":false},"excerpt":{"rendered":"<p>CIUDAD DE M\u00c9XICO, M\u00e9xico.- El boricua Gilberto Santa Rosa, El caballero de la salsa, vuelve hoy a M\u00e9xico para presentarse en el Pabell\u00f3n M de Monterrey y el Auditorio Nacional de Ciudad de M\u00e9xico con su gira Cam\u00ednalo. As\u00ed lo se\u00f1ala un comunicado de los auspiciadores en el cual se anuncia que sus actuaciones comenzar\u00e1n [&hellip;]<\/p>\n","protected":false},"author":1,"featured_media":0,"comment_status":"open","ping_status":"open","sticky":false,"template":"","format":"standard","meta":{"_bbp_topic_count":0,"_bbp_reply_count":0,"_bbp_total_topic_count":0,"_bbp_total_reply_count":0,"_bbp_voice_count":0,"_bbp_anonymous_reply_count":0,"_bbp_topic_count_hidden":0,"_bbp_reply_count_hidden":0,"_bbp_forum_subforum_count":0,"footnotes":""},"categories":[39,60],"tags":[],"class_list":["post-360726","post","type-post","status-publish","format-standard","category-entretenimiento","category-titulares-del-dia"],"_links":{"self":[{"href":"https:\/\/primermomento.com\/index.php?rest_route=\/wp\/v2\/posts\/360726","targetHints":{"allow":["GET"]}}],"collection":[{"href":"https:\/\/primermomento.com\/index.php?rest_route=\/wp\/v2\/posts"}],"about":[{"href":"https:\/\/primermomento.com\/index.php?rest_route=\/wp\/v2\/types\/post"}],"author":[{"embeddable":true,"href":"https:\/\/primermomento.com\/index.php?rest_route=\/wp\/v2\/users\/1"}],"replies":[{"embeddable":true,"href":"https:\/\/primermomento.com\/index.php?rest_route=%2Fwp%2Fv2%2Fcomments&post=360726"}],"version-history":[{"count":1,"href":"https:\/\/primermomento.com\/index.php?rest_route=\/wp\/v2\/posts\/360726\/revisions"}],"predecessor-version":[{"id":360728,"href":"https:\/\/primermomento.com\/index.php?rest_route=\/wp\/v2\/posts\/360726\/revisions\/360728"}],"wp:attachment":[{"href":"https:\/\/primermomento.com\/index.php?rest_route=%2Fwp%2Fv2%2Fmedia&parent=360726"}],"wp:term":[{"taxonomy":"category","embeddable":true,"href":"https:\/\/primermomento.com\/index.php?rest_route=%2Fwp%2Fv2%2Fcategories&post=360726"},{"taxonomy":"post_tag","embeddable":true,"href":"https:\/\/primermomento.com\/index.php?rest_route=%2Fwp%2Fv2%2Ftags&post=360726"}],"curies":[{"name":"wp","href":"https:\/\/api.w.org\/{rel}","templated":true}]}}