{"id":360957,"date":"2022-04-04T10:10:58","date_gmt":"2022-04-04T14:10:58","guid":{"rendered":"http:\/\/primermomento.com\/?p=360957"},"modified":"2022-04-04T10:10:59","modified_gmt":"2022-04-04T14:10:59","slug":"juan-luis-guerra-cierra-ciclo-de-conciertos-en-punta-cana","status":"publish","type":"post","link":"https:\/\/primermomento.com\/?p=360957","title":{"rendered":"Juan Luis Guerra cierra ciclo de conciertos en Punta Cana"},"content":{"rendered":"\n<p class=\"wp-block-paragraph\">SANTO DOMINGO, Rep\u00fablica Dominicana.- El artista dominicano Juan Luis Guerra, cerr\u00f3 por todo lo alto su ciclo de conciertos en el polo tur\u00edstico de Punta Cana, provincia La Altagracia, y desde hoy se prepara para partir rumbo a Espa\u00f1a.<\/p>\n\n\n\n<div class=\"wp-block-image\"><figure class=\"aligncenter size-full\"><img loading=\"lazy\" decoding=\"async\" width=\"630\" height=\"320\" src=\"http:\/\/primermomento.com\/wp-content\/uploads\/2016\/05\/Juan-Luis-Guerra2.jpg\" alt=\"\" class=\"wp-image-275341\" srcset=\"https:\/\/primermomento.com\/wp-content\/uploads\/2016\/05\/Juan-Luis-Guerra2.jpg 630w, https:\/\/primermomento.com\/wp-content\/uploads\/2016\/05\/Juan-Luis-Guerra2-300x152.jpg 300w, https:\/\/primermomento.com\/wp-content\/uploads\/2016\/05\/Juan-Luis-Guerra2-500x254.jpg 500w, https:\/\/primermomento.com\/wp-content\/uploads\/2016\/05\/Juan-Luis-Guerra2-280x142.jpg 280w, https:\/\/primermomento.com\/wp-content\/uploads\/2016\/05\/Juan-Luis-Guerra2-118x60.jpg 118w, https:\/\/primermomento.com\/wp-content\/uploads\/2016\/05\/Juan-Luis-Guerra2-479x243.jpg 479w\" sizes=\"auto, (max-width: 630px) 100vw, 630px\" \/><figcaption>Juan Luis Guerra.<\/figcaption><\/figure><\/div>\n\n\n\n<p class=\"wp-block-paragraph\">El concierto en el mencionado polo tur\u00edstico que form\u00f3 parte de su gira mundial Entre Mar y Palmeras, removi\u00f3 los cimientos del lugar y desde su salida al escenario para interpretar Rosal\u00eda, los presentes se pusieron a bailar hasta el final.<\/p>\n\n\n\n<p class=\"wp-block-paragraph\">Canciones como Ojal\u00e1 que llueva caf\u00e9, El Niagara en bicicleta, La Traves\u00eda, Las Avispas, Bachata en Fukuoka, Como Yo, Fr\u00edo, Fr\u00edo, entre otros \u00e9xitos, fueron coreados por las miles de personas, de varios pa\u00edses que se dieron cita en el espect\u00e1culo.<\/p>\n\n\n\n<p class=\"wp-block-paragraph\">No faltaron las canciones de su \u00e1lbum musical Bachata Rosa, que cumple 30 a\u00f1os y es considerado el disco m\u00e1s exitoso de su carrera en t\u00e9rminos de ventas y aceptaci\u00f3n del p\u00fablico.<\/p>\n\n\n\n<p class=\"wp-block-paragraph\">Y como si fuera poco, el afamado cantante estuvo acompa\u00f1ado toda la velada por sus compatriotas Frank Ceara y Jandy Ventura, quienes disfrutaron de lo lindo,y las exintegrantes del grupo 440, Mariela Mercado y Maridalia Hern\u00e1ndez.<\/p>\n\n\n\n<p class=\"wp-block-paragraph\">Sin dudas, el espigado artista, orgullo de este pa\u00eds, est\u00e1 como el vino, mientras m\u00e1s viejo mejor, y contin\u00faa siendo una atracci\u00f3n para j\u00f3venes y menos j\u00f3venes, apuntaron diversos cr\u00edticos musicales.<\/p>\n\n\n\n<p class=\"has-text-align-right wp-block-paragraph\"><em>PL<\/em><\/p>\n","protected":false},"excerpt":{"rendered":"<p>SANTO DOMINGO, Rep\u00fablica Dominicana.- El artista dominicano Juan Luis Guerra, cerr\u00f3 por todo lo alto su ciclo de conciertos en el polo tur\u00edstico de Punta Cana, provincia La Altagracia, y desde hoy se prepara para partir rumbo a Espa\u00f1a. El concierto en el mencionado polo tur\u00edstico que form\u00f3 parte de su gira mundial Entre Mar [&hellip;]<\/p>\n","protected":false},"author":1,"featured_media":0,"comment_status":"open","ping_status":"open","sticky":false,"template":"","format":"standard","meta":{"_bbp_topic_count":0,"_bbp_reply_count":0,"_bbp_total_topic_count":0,"_bbp_total_reply_count":0,"_bbp_voice_count":0,"_bbp_anonymous_reply_count":0,"_bbp_topic_count_hidden":0,"_bbp_reply_count_hidden":0,"_bbp_forum_subforum_count":0,"footnotes":""},"categories":[39,60],"tags":[],"class_list":["post-360957","post","type-post","status-publish","format-standard","category-entretenimiento","category-titulares-del-dia"],"_links":{"self":[{"href":"https:\/\/primermomento.com\/index.php?rest_route=\/wp\/v2\/posts\/360957","targetHints":{"allow":["GET"]}}],"collection":[{"href":"https:\/\/primermomento.com\/index.php?rest_route=\/wp\/v2\/posts"}],"about":[{"href":"https:\/\/primermomento.com\/index.php?rest_route=\/wp\/v2\/types\/post"}],"author":[{"embeddable":true,"href":"https:\/\/primermomento.com\/index.php?rest_route=\/wp\/v2\/users\/1"}],"replies":[{"embeddable":true,"href":"https:\/\/primermomento.com\/index.php?rest_route=%2Fwp%2Fv2%2Fcomments&post=360957"}],"version-history":[{"count":1,"href":"https:\/\/primermomento.com\/index.php?rest_route=\/wp\/v2\/posts\/360957\/revisions"}],"predecessor-version":[{"id":360958,"href":"https:\/\/primermomento.com\/index.php?rest_route=\/wp\/v2\/posts\/360957\/revisions\/360958"}],"wp:attachment":[{"href":"https:\/\/primermomento.com\/index.php?rest_route=%2Fwp%2Fv2%2Fmedia&parent=360957"}],"wp:term":[{"taxonomy":"category","embeddable":true,"href":"https:\/\/primermomento.com\/index.php?rest_route=%2Fwp%2Fv2%2Fcategories&post=360957"},{"taxonomy":"post_tag","embeddable":true,"href":"https:\/\/primermomento.com\/index.php?rest_route=%2Fwp%2Fv2%2Ftags&post=360957"}],"curies":[{"name":"wp","href":"https:\/\/api.w.org\/{rel}","templated":true}]}}