{"id":361465,"date":"2022-04-12T07:46:00","date_gmt":"2022-04-12T11:46:00","guid":{"rendered":"http:\/\/primermomento.com\/?p=361465"},"modified":"2022-04-12T19:15:51","modified_gmt":"2022-04-12T23:15:51","slug":"certv-da-a-conocer-programacion-especial-en-samana-santa","status":"publish","type":"post","link":"https:\/\/primermomento.com\/?p=361465","title":{"rendered":"CERTV da a conocer programaci\u00f3n especial en Samana Santa"},"content":{"rendered":"\n<p class=\"wp-block-paragraph\">SANTO DOMINGO, Rep\u00fablica Dominicana.- El canal 4 y los dem\u00e1s medios de la Corporaci\u00f3n Estatal de Radio y Televisi\u00f3n (CERTV) transmitir\u00e1n durante la presente Semana Santa el operativo \u201cVive la Pasi\u00f3n, Vive la Cobertura en Vivo\u00bb, que cubrir\u00e1 todo lo que acontezca desde los cuatro puntos cardinales del pa\u00eds.<\/p>\n\n\n\n<div class=\"wp-block-image\"><figure class=\"aligncenter size-full\"><img loading=\"lazy\" decoding=\"async\" width=\"545\" height=\"363\" src=\"http:\/\/primermomento.com\/wp-content\/uploads\/2022\/04\/SEMANA-SANTA-20221.jpg\" alt=\"\" class=\"wp-image-361466\" srcset=\"https:\/\/primermomento.com\/wp-content\/uploads\/2022\/04\/SEMANA-SANTA-20221.jpg 545w, https:\/\/primermomento.com\/wp-content\/uploads\/2022\/04\/SEMANA-SANTA-20221-300x200.jpg 300w, https:\/\/primermomento.com\/wp-content\/uploads\/2022\/04\/SEMANA-SANTA-20221-73x50.jpg 73w, https:\/\/primermomento.com\/wp-content\/uploads\/2022\/04\/SEMANA-SANTA-20221-500x333.jpg 500w, https:\/\/primermomento.com\/wp-content\/uploads\/2022\/04\/SEMANA-SANTA-20221-280x186.jpg 280w, https:\/\/primermomento.com\/wp-content\/uploads\/2022\/04\/SEMANA-SANTA-20221-60x40.jpg 60w, https:\/\/primermomento.com\/wp-content\/uploads\/2022\/04\/SEMANA-SANTA-20221-118x79.jpg 118w, https:\/\/primermomento.com\/wp-content\/uploads\/2022\/04\/SEMANA-SANTA-20221-479x319.jpg 479w\" sizes=\"auto, (max-width: 545px) 100vw, 545px\" \/><\/figure><\/div>\n\n\n\n<p class=\"wp-block-paragraph\">Informaciones en vivo, coberturas noticiosas en cada provincia dominicana, entrevistas, orientaciones, mensajes, reportajes, pel\u00edculas, actividades religiosas, conciertos y programas especiales se difundir\u00e1n por los canales 4 y 17, as\u00ed como por las emisoras Dominicana FM, Quisqueya FM y Radio Santo Domingo, adem\u00e1s de la p\u00e1gina web&nbsp;<a href=\"http:\/\/canal4rd.com\/\" target=\"_blank\" rel=\"noreferrer noopener\">canal4rd.com<\/a>&nbsp;y sus redes sociales.<\/p>\n\n\n\n<p class=\"wp-block-paragraph\">\u00abEn el operativo Vive la Pasi\u00f3n, Vive la Cobertura en Vivo, CERTV, tendremos como prioridad las orientaciones y la informaci\u00f3n en vivo de los hechos que generen m\u00e1s inter\u00e9s desde cualquiera de los cuatro puntos cardinales del pa\u00eds\u00bb, expres\u00f3 Iv\u00e1n Ruiz, director general de CERTV.<\/p>\n\n\n\n<p class=\"wp-block-paragraph\">La plataforma informativa ser\u00e1 coordinada por Jos\u00e9 Luis Candelario, encargado de producci\u00f3n de la corporaci\u00f3n; Jos\u00e9 Ram\u00f3n Suero, encargado de prensa, y Jes\u00fas Nova, encargado de la divisi\u00f3n radial, bajo la direcci\u00f3n de Iv\u00e1n Ruiz.<\/p>\n\n\n\n<p class=\"wp-block-paragraph\">Junto a ellos se conform\u00f3 un equipo de m\u00e1s de 25 periodistas y reporteros, as\u00ed como presentadores, camar\u00f3grafos y personal t\u00e9cnico que garantizar\u00e1n una cobertura completa.<\/p>\n\n\n\n<p class=\"wp-block-paragraph\">Los canales 4 y 17 ubicar\u00e1 personal con unidades m\u00f3viles para la transmisi\u00f3n desde playas, balnearios, peajes, centros hist\u00f3ricos y culturales, as\u00ed como las principales v\u00edas del pa\u00eds.<\/p>\n\n\n\n<p class=\"wp-block-paragraph\">\u00abVamos a orientar a la poblaci\u00f3n y a ofrecerle toda la informaci\u00f3n que nos llegue para que sepan qu\u00e9 hacer y a qui\u00e9n llamar en los casos necesarios\u00bb, adelant\u00f3 Jos\u00e9 Ram\u00f3n Suero.<\/p>\n\n\n\n<p class=\"wp-block-paragraph\">Entre los presentadores y reporteros participar\u00e1n Rafaelina Bison\u00f3, Alex Santiago, Charys Melo, Johanna Duverg\u00e9, Katherine S\u00e1nchez, Esther L\u00f3pez, Ram\u00f3n Santana, Wendy Mora, Liz Reyes y Rony Heredia.<\/p>\n\n\n\n<p class=\"wp-block-paragraph\">Tambi\u00e9n Denisse Larauri, Brenda F\u00e9liz, Agueda Solano, Diana Carrera, Diana Hiraldo, Johanna B\u00e1ez, Silvia Infante, Gioconda Paulino, Carmen Aybar y Marcos Nivar.<\/p>\n\n\n\n<p class=\"wp-block-paragraph\">Adem\u00e1s de las informaciones en vivo, \u00abVive la Pasi\u00f3n\u00bb ofrecer\u00e1 otros contenidos, entre ellos el especial \u00abJ\u00f3venes con Cristo\u00bb, un encuentro espiritual con Jes\u00fas.<\/p>\n\n\n\n<p class=\"wp-block-paragraph\">\u00abJ\u00f3venes con Cristo\u00bb cuenta con las participaciones de los adoradores Jhon Solano, Neurys Jhanet, Danny Alonzo, Elian Maneiro, Jameson Ram\u00edrez, el pastor Eliezer Lorenzo y los presentadores Idekel G, Jhoel G\u00fazman y Nancy Amancio.<\/p>\n\n\n\n<p class=\"wp-block-paragraph\">Por igual, en el canal 4 se presentar\u00e1 el musical de Pascua \u00abGracias a \u00c9l\u00bb, el domingo 17. Es una iniciativa de la Iglesia de Jesucristo de los Santos de los \u00daltimos D\u00edas de unir a voces cristianas de las diferentes congregaciones.<\/p>\n\n\n\n<p class=\"wp-block-paragraph\">\u00abGracias a \u00c9l\u00bb, compuesto por 15 musicales, re\u00fane cantantes, m\u00fasicos y coros, entre ellos el grupo coral de la Pontificia Universidad Cat\u00f3lica Madre y Maestra, el quinteto adventista Ah\u00edas, la cantante cristiana Keren Montero y la agrupaci\u00f3n Cantum, dirigida por \u00c1ngel Herdz.<\/p>\n\n\n\n<p class=\"wp-block-paragraph\">CERTV tambi\u00e9n dar\u00e1 apoyo en sus transmisiones al Centro de Operaciones de Emergencias dominicano (COE), que desplegar\u00e1 una jornada denominada \u00abConciencia por la Vida, Semana Santa 2022\u00bb, la cual se iniciar\u00e1 el pr\u00f3ximo 14 de abril y concluir\u00e1 el domingo 17.<\/p>\n\n\n\n<p class=\"wp-block-paragraph\">El director del COE, Juan Manuel M\u00e9ndez, inform\u00f3 que en el operativo oficial trabajar\u00e1n 48 mil 223 personas que se enfocar\u00e1n en reducir accidentes de tr\u00e1nsito; la asfixia por inmersi\u00f3n; la intoxicaci\u00f3n por alcohol y alimentos y mantener una estricta vigilancia en el cumplimiento de los protocolos sanitarios para evitar el incremento de los contagios con la Covid-19.<\/p>\n","protected":false},"excerpt":{"rendered":"<p>SANTO DOMINGO, Rep\u00fablica Dominicana.- El canal 4 y los dem\u00e1s medios de la Corporaci\u00f3n Estatal de Radio y Televisi\u00f3n (CERTV) transmitir\u00e1n durante la presente Semana Santa el operativo \u201cVive la Pasi\u00f3n, Vive la Cobertura en Vivo\u00bb, que cubrir\u00e1 todo lo que acontezca desde los cuatro puntos cardinales del pa\u00eds. Informaciones en vivo, coberturas noticiosas en [&hellip;]<\/p>\n","protected":false},"author":1,"featured_media":0,"comment_status":"open","ping_status":"open","sticky":false,"template":"","format":"standard","meta":{"_bbp_topic_count":0,"_bbp_reply_count":0,"_bbp_total_topic_count":0,"_bbp_total_reply_count":0,"_bbp_voice_count":0,"_bbp_anonymous_reply_count":0,"_bbp_topic_count_hidden":0,"_bbp_reply_count_hidden":0,"_bbp_forum_subforum_count":0,"footnotes":""},"categories":[39,60],"tags":[],"class_list":["post-361465","post","type-post","status-publish","format-standard","category-entretenimiento","category-titulares-del-dia"],"_links":{"self":[{"href":"https:\/\/primermomento.com\/index.php?rest_route=\/wp\/v2\/posts\/361465","targetHints":{"allow":["GET"]}}],"collection":[{"href":"https:\/\/primermomento.com\/index.php?rest_route=\/wp\/v2\/posts"}],"about":[{"href":"https:\/\/primermomento.com\/index.php?rest_route=\/wp\/v2\/types\/post"}],"author":[{"embeddable":true,"href":"https:\/\/primermomento.com\/index.php?rest_route=\/wp\/v2\/users\/1"}],"replies":[{"embeddable":true,"href":"https:\/\/primermomento.com\/index.php?rest_route=%2Fwp%2Fv2%2Fcomments&post=361465"}],"version-history":[{"count":1,"href":"https:\/\/primermomento.com\/index.php?rest_route=\/wp\/v2\/posts\/361465\/revisions"}],"predecessor-version":[{"id":361467,"href":"https:\/\/primermomento.com\/index.php?rest_route=\/wp\/v2\/posts\/361465\/revisions\/361467"}],"wp:attachment":[{"href":"https:\/\/primermomento.com\/index.php?rest_route=%2Fwp%2Fv2%2Fmedia&parent=361465"}],"wp:term":[{"taxonomy":"category","embeddable":true,"href":"https:\/\/primermomento.com\/index.php?rest_route=%2Fwp%2Fv2%2Fcategories&post=361465"},{"taxonomy":"post_tag","embeddable":true,"href":"https:\/\/primermomento.com\/index.php?rest_route=%2Fwp%2Fv2%2Ftags&post=361465"}],"curies":[{"name":"wp","href":"https:\/\/api.w.org\/{rel}","templated":true}]}}