{"id":361557,"date":"2022-04-13T05:52:00","date_gmt":"2022-04-13T09:52:00","guid":{"rendered":"http:\/\/primermomento.com\/?p=361557"},"modified":"2022-04-13T13:55:11","modified_gmt":"2022-04-13T17:55:11","slug":"covid-19-interrumpe-calendario-de-conciertos-de-sinfonica-de-boston","status":"publish","type":"post","link":"https:\/\/primermomento.com\/?p=361557","title":{"rendered":"Covid-19 interrumpe calendario de conciertos de Sinf\u00f3nica de Boston"},"content":{"rendered":"\n<p class=\"wp-block-paragraph\">BOSTON, EEUU.- El incremento de casos de Covid-19 entre los integrantes de la Orquesta Sinf\u00f3nica de Boston, Estados Unidos obliga hoy al conjunto a interrumpir su calendario de presentaciones, que llegar\u00eda a Europa en mayo.<\/p>\n\n\n\n<div class=\"wp-block-image\"><figure class=\"aligncenter size-full\"><img loading=\"lazy\" decoding=\"async\" width=\"649\" height=\"480\" src=\"http:\/\/primermomento.com\/wp-content\/uploads\/2022\/04\/Sinfonica-de-Boston1.jpg\" alt=\"\" class=\"wp-image-361558\" srcset=\"https:\/\/primermomento.com\/wp-content\/uploads\/2022\/04\/Sinfonica-de-Boston1.jpg 649w, https:\/\/primermomento.com\/wp-content\/uploads\/2022\/04\/Sinfonica-de-Boston1-300x222.jpg 300w, https:\/\/primermomento.com\/wp-content\/uploads\/2022\/04\/Sinfonica-de-Boston1-120x90.jpg 120w, https:\/\/primermomento.com\/wp-content\/uploads\/2022\/04\/Sinfonica-de-Boston1-500x370.jpg 500w, https:\/\/primermomento.com\/wp-content\/uploads\/2022\/04\/Sinfonica-de-Boston1-280x207.jpg 280w, https:\/\/primermomento.com\/wp-content\/uploads\/2022\/04\/Sinfonica-de-Boston1-638x472.jpg 638w, https:\/\/primermomento.com\/wp-content\/uploads\/2022\/04\/Sinfonica-de-Boston1-118x87.jpg 118w, https:\/\/primermomento.com\/wp-content\/uploads\/2022\/04\/Sinfonica-de-Boston1-479x354.jpg 479w\" sizes=\"auto, (max-width: 649px) 100vw, 649px\" \/><\/figure><\/div>\n\n\n\n<p class=\"wp-block-paragraph\">Un comunicado de la agrupaci\u00f3n detalla que se registran hasta la fecha 31 personas contagiadas, entre m\u00fasicos y miembros del Coro del Festival Tanglewood, pese a las medidas preventivas implementadas como la vacunaci\u00f3n y las pruebas peri\u00f3dicas.<\/p>\n\n\n\n<p class=\"wp-block-paragraph\">\u201cEl desafortunado impacto en un n\u00famero importante de nuestros propios artistas\u201d, obliga a mantener como prioridad la salud y la seguridad de todos los involucrados con la Orquesta, apunt\u00f3 en el documento el presidente y director general de la alineaci\u00f3n Gail Samuel.<\/p>\n\n\n\n<p class=\"wp-block-paragraph\">Asimismo, la decisi\u00f3n tiene en cuenta las cifras ascendentes de contagios en Europa, lo cual pudiera frenar el buen desarrollo del periplo por las ciudades Viena (Austria), Leipzig y Hamburgo (Alemania) y Par\u00eds (Francia).<\/p>\n\n\n\n<p class=\"wp-block-paragraph\">A la espera de mejores condiciones sanitarias, la orquesta llevar\u00e1 a los escenarios europeos un repertorio marcado por las composiciones de Johann Strauss, en asociaci\u00f3n con la Gewandhausorchester de Leipzig, bajo la direcci\u00f3n de Andris Nelsons.<\/p>\n\n\n\n<p class=\"has-text-align-right wp-block-paragraph\"><em>PL<\/em><\/p>\n","protected":false},"excerpt":{"rendered":"<p>BOSTON, EEUU.- El incremento de casos de Covid-19 entre los integrantes de la Orquesta Sinf\u00f3nica de Boston, Estados Unidos obliga hoy al conjunto a interrumpir su calendario de presentaciones, que llegar\u00eda a Europa en mayo. Un comunicado de la agrupaci\u00f3n detalla que se registran hasta la fecha 31 personas contagiadas, entre m\u00fasicos y miembros del [&hellip;]<\/p>\n","protected":false},"author":1,"featured_media":0,"comment_status":"open","ping_status":"open","sticky":false,"template":"","format":"standard","meta":{"_bbp_topic_count":0,"_bbp_reply_count":0,"_bbp_total_topic_count":0,"_bbp_total_reply_count":0,"_bbp_voice_count":0,"_bbp_anonymous_reply_count":0,"_bbp_topic_count_hidden":0,"_bbp_reply_count_hidden":0,"_bbp_forum_subforum_count":0,"footnotes":""},"categories":[39,60],"tags":[],"class_list":["post-361557","post","type-post","status-publish","format-standard","category-entretenimiento","category-titulares-del-dia"],"_links":{"self":[{"href":"https:\/\/primermomento.com\/index.php?rest_route=\/wp\/v2\/posts\/361557","targetHints":{"allow":["GET"]}}],"collection":[{"href":"https:\/\/primermomento.com\/index.php?rest_route=\/wp\/v2\/posts"}],"about":[{"href":"https:\/\/primermomento.com\/index.php?rest_route=\/wp\/v2\/types\/post"}],"author":[{"embeddable":true,"href":"https:\/\/primermomento.com\/index.php?rest_route=\/wp\/v2\/users\/1"}],"replies":[{"embeddable":true,"href":"https:\/\/primermomento.com\/index.php?rest_route=%2Fwp%2Fv2%2Fcomments&post=361557"}],"version-history":[{"count":1,"href":"https:\/\/primermomento.com\/index.php?rest_route=\/wp\/v2\/posts\/361557\/revisions"}],"predecessor-version":[{"id":361559,"href":"https:\/\/primermomento.com\/index.php?rest_route=\/wp\/v2\/posts\/361557\/revisions\/361559"}],"wp:attachment":[{"href":"https:\/\/primermomento.com\/index.php?rest_route=%2Fwp%2Fv2%2Fmedia&parent=361557"}],"wp:term":[{"taxonomy":"category","embeddable":true,"href":"https:\/\/primermomento.com\/index.php?rest_route=%2Fwp%2Fv2%2Fcategories&post=361557"},{"taxonomy":"post_tag","embeddable":true,"href":"https:\/\/primermomento.com\/index.php?rest_route=%2Fwp%2Fv2%2Ftags&post=361557"}],"curies":[{"name":"wp","href":"https:\/\/api.w.org\/{rel}","templated":true}]}}