{"id":361709,"date":"2022-04-18T07:51:00","date_gmt":"2022-04-18T11:51:00","guid":{"rendered":"http:\/\/primermomento.com\/?p=361709"},"modified":"2022-04-18T14:53:14","modified_gmt":"2022-04-18T18:53:14","slug":"consulado-dominicano-felicita-a-profesionales-del-microfono-en-su-dia","status":"publish","type":"post","link":"https:\/\/primermomento.com\/?p=361709","title":{"rendered":"Consulado dominicano felicita a profesionales del micr\u00f3fono en su D\u00eda"},"content":{"rendered":"\n<p class=\"wp-block-paragraph\">NUEVA YORK, EEUU.- Con motivo de la conmemoraci\u00f3n este lunes 18 de abril, del D\u00eda Nacional del Locutor Rep\u00fablica Dominicana, el C\u00f3nsul Eligio J\u00e1quez felicit\u00f3 mediante un mensaje a los profesionales del micr\u00f3fono por el importante rol que desempe\u00f1an en la sociedad.<\/p>\n\n\n\n<figure class=\"wp-block-image size-large\"><img loading=\"lazy\" decoding=\"async\" width=\"1024\" height=\"356\" src=\"http:\/\/primermomento.com\/wp-content\/uploads\/2022\/04\/Eligio-Jaquez-ny-1024x356.jpg\" alt=\"\" class=\"wp-image-361084\" srcset=\"https:\/\/primermomento.com\/wp-content\/uploads\/2022\/04\/Eligio-Jaquez-ny-1024x356.jpg 1024w, https:\/\/primermomento.com\/wp-content\/uploads\/2022\/04\/Eligio-Jaquez-ny-300x104.jpg 300w, https:\/\/primermomento.com\/wp-content\/uploads\/2022\/04\/Eligio-Jaquez-ny-768x267.jpg 768w, https:\/\/primermomento.com\/wp-content\/uploads\/2022\/04\/Eligio-Jaquez-ny-500x174.jpg 500w, https:\/\/primermomento.com\/wp-content\/uploads\/2022\/04\/Eligio-Jaquez-ny-280x97.jpg 280w, https:\/\/primermomento.com\/wp-content\/uploads\/2022\/04\/Eligio-Jaquez-ny-638x222.jpg 638w, https:\/\/primermomento.com\/wp-content\/uploads\/2022\/04\/Eligio-Jaquez-ny-118x41.jpg 118w, https:\/\/primermomento.com\/wp-content\/uploads\/2022\/04\/Eligio-Jaquez-ny-479x167.jpg 479w, https:\/\/primermomento.com\/wp-content\/uploads\/2022\/04\/Eligio-Jaquez-ny.jpg 1437w\" sizes=\"auto, (max-width: 1024px) 100vw, 1024px\" \/><\/figure>\n\n\n\n<p class=\"wp-block-paragraph\">El funcionario consular manifest\u00f3 que los locutores y locutoras son transmisores de informaciones, entretenimiento y alegr\u00eda a la poblaci\u00f3n que a diario escucha las emisoras de radio y que ve los canales de televisi\u00f3n.<\/p>\n\n\n\n<p class=\"wp-block-paragraph\">\u201cEsta ocasi\u00f3n es propicia para felicitar a los hombres y mujeres del micr\u00f3fono que con mucha responsabilidad y dedicaci\u00f3n informan cada d\u00eda apegado a la \u00e9tica que rige esa profesi\u00f3n\u201d, enfatiz\u00f3 J\u00e1quez.<\/p>\n\n\n\n<p class=\"wp-block-paragraph\">Resalt\u00f3 que la sociedad aprecia y respeta el ejercicio de los locutores y locutoras en todos sus g\u00e9neros por sus valiosos aportes a la sociedad y la repercusi\u00f3n social de su encomiable trabajo.<\/p>\n\n\n\n<p class=\"wp-block-paragraph\">El representante consular dijo que en estos momentos Rep\u00fablica Dominicana vive un formidable proceso de democratizaci\u00f3n de la comunicaci\u00f3n como lo ha dicho el presidente Luis Abinader, que \u00e9l y su gobierno son respetuosos de la libertad de prensa y la difusi\u00f3n de las ideas.<\/p>\n\n\n\n<p class=\"wp-block-paragraph\">El C\u00f3nsul Eligio J\u00e1quez reiter\u00f3 su agradecimiento a los locutores y locutoras que a diario difunden informaciones relacionadas a las actividades del Consulado en Nueva York y los exhorta continuar su labor de orientar y educar a la comunidad dominicana en el exterior y el pa\u00eds.<\/p>\n","protected":false},"excerpt":{"rendered":"<p>NUEVA YORK, EEUU.- Con motivo de la conmemoraci\u00f3n este lunes 18 de abril, del D\u00eda Nacional del Locutor Rep\u00fablica Dominicana, el C\u00f3nsul Eligio J\u00e1quez felicit\u00f3 mediante un mensaje a los profesionales del micr\u00f3fono por el importante rol que desempe\u00f1an en la sociedad. El funcionario consular manifest\u00f3 que los locutores y locutoras son transmisores de informaciones, [&hellip;]<\/p>\n","protected":false},"author":1,"featured_media":0,"comment_status":"open","ping_status":"open","sticky":false,"template":"","format":"standard","meta":{"_bbp_topic_count":0,"_bbp_reply_count":0,"_bbp_total_topic_count":0,"_bbp_total_reply_count":0,"_bbp_voice_count":0,"_bbp_anonymous_reply_count":0,"_bbp_topic_count_hidden":0,"_bbp_reply_count_hidden":0,"_bbp_forum_subforum_count":0,"footnotes":""},"categories":[39,60],"tags":[],"class_list":["post-361709","post","type-post","status-publish","format-standard","category-entretenimiento","category-titulares-del-dia"],"_links":{"self":[{"href":"https:\/\/primermomento.com\/index.php?rest_route=\/wp\/v2\/posts\/361709","targetHints":{"allow":["GET"]}}],"collection":[{"href":"https:\/\/primermomento.com\/index.php?rest_route=\/wp\/v2\/posts"}],"about":[{"href":"https:\/\/primermomento.com\/index.php?rest_route=\/wp\/v2\/types\/post"}],"author":[{"embeddable":true,"href":"https:\/\/primermomento.com\/index.php?rest_route=\/wp\/v2\/users\/1"}],"replies":[{"embeddable":true,"href":"https:\/\/primermomento.com\/index.php?rest_route=%2Fwp%2Fv2%2Fcomments&post=361709"}],"version-history":[{"count":1,"href":"https:\/\/primermomento.com\/index.php?rest_route=\/wp\/v2\/posts\/361709\/revisions"}],"predecessor-version":[{"id":361710,"href":"https:\/\/primermomento.com\/index.php?rest_route=\/wp\/v2\/posts\/361709\/revisions\/361710"}],"wp:attachment":[{"href":"https:\/\/primermomento.com\/index.php?rest_route=%2Fwp%2Fv2%2Fmedia&parent=361709"}],"wp:term":[{"taxonomy":"category","embeddable":true,"href":"https:\/\/primermomento.com\/index.php?rest_route=%2Fwp%2Fv2%2Fcategories&post=361709"},{"taxonomy":"post_tag","embeddable":true,"href":"https:\/\/primermomento.com\/index.php?rest_route=%2Fwp%2Fv2%2Ftags&post=361709"}],"curies":[{"name":"wp","href":"https:\/\/api.w.org\/{rel}","templated":true}]}}