{"id":362305,"date":"2022-04-29T07:15:00","date_gmt":"2022-04-29T11:15:00","guid":{"rendered":"http:\/\/primermomento.com\/?p=362305"},"modified":"2022-04-29T09:29:15","modified_gmt":"2022-04-29T13:29:15","slug":"dicaprio-invita-a-los-jovenes-a-que-voten-en-brasil","status":"publish","type":"post","link":"https:\/\/primermomento.com\/?p=362305","title":{"rendered":"DiCaprio invita a los j\u00f3venes a que voten en Brasil"},"content":{"rendered":"\n<p class=\"wp-block-paragraph\">BRASILIA, Brasil.- El afamado actor estadounidense Leonardo DiCaprio invit\u00f3 a los j\u00f3venes brasile\u00f1os a que acudan a las urnas en octubre y as\u00ed cambiar la grave situaci\u00f3n medioambiental en el mundo, inform\u00f3 hoy el portal Brasil 247.<\/p>\n\n\n\n<div class=\"wp-block-image\"><figure class=\"aligncenter size-full\"><img loading=\"lazy\" decoding=\"async\" width=\"676\" height=\"466\" src=\"http:\/\/primermomento.com\/wp-content\/uploads\/2022\/04\/DiCaprio-y-medio-ambiente1.jpg\" alt=\"\" class=\"wp-image-362306\" srcset=\"https:\/\/primermomento.com\/wp-content\/uploads\/2022\/04\/DiCaprio-y-medio-ambiente1.jpg 676w, https:\/\/primermomento.com\/wp-content\/uploads\/2022\/04\/DiCaprio-y-medio-ambiente1-300x207.jpg 300w, https:\/\/primermomento.com\/wp-content\/uploads\/2022\/04\/DiCaprio-y-medio-ambiente1-73x50.jpg 73w, https:\/\/primermomento.com\/wp-content\/uploads\/2022\/04\/DiCaprio-y-medio-ambiente1-110x77.jpg 110w, https:\/\/primermomento.com\/wp-content\/uploads\/2022\/04\/DiCaprio-y-medio-ambiente1-500x345.jpg 500w, https:\/\/primermomento.com\/wp-content\/uploads\/2022\/04\/DiCaprio-y-medio-ambiente1-280x193.jpg 280w, https:\/\/primermomento.com\/wp-content\/uploads\/2022\/04\/DiCaprio-y-medio-ambiente1-60x40.jpg 60w, https:\/\/primermomento.com\/wp-content\/uploads\/2022\/04\/DiCaprio-y-medio-ambiente1-638x440.jpg 638w, https:\/\/primermomento.com\/wp-content\/uploads\/2022\/04\/DiCaprio-y-medio-ambiente1-118x81.jpg 118w, https:\/\/primermomento.com\/wp-content\/uploads\/2022\/04\/DiCaprio-y-medio-ambiente1-479x330.jpg 479w\" sizes=\"auto, (max-width: 676px) 100vw, 676px\" \/><\/figure><\/div>\n\n\n\n<p class=\"wp-block-paragraph\">\u00abBrasil alberga el Amazonas y otros ecosistemas cr\u00edticos para el cambio clim\u00e1tico. Lo que sucede all\u00ed es importante para todos nosotros y el voto de los j\u00f3venes es fundamental para impulsar el cambio por un planeta sano\u00bb, afirm\u00f3 en redes sociales el protagonista de la premiada pel\u00edcula Titanic.<\/p>\n\n\n\n<p class=\"wp-block-paragraph\">En agosto de 2020, el vicepresidente brasile\u00f1o, general retirado Hamilton Mour\u00e3o, invit\u00f3 a DiCaprio a visitar la Amazonia tras este denunciar el aumento de los incendios en el llamado pulm\u00f3n del planeta.<\/p>\n\n\n\n<p class=\"wp-block-paragraph\">\u00abMe gustar\u00eda invitar a nuestro \u00faltimo cr\u00edtico, nuestro actor Leonardo DiCaprio, a que me acompa\u00f1e a Sao Gabriel da Cachoeira, para hacer una marcha de ocho horas a trav\u00e9s de la selva entre el aeropuerto de Sao Gabriel y la carretera de Cucu\u00ed\u00bb, dijo Mour\u00e3o en un evento sobre desarrollo sostenible en la mayor selva tropical del planeta..<\/p>\n\n\n\n<p class=\"wp-block-paragraph\">Se\u00f1al\u00f3 que el actor, blanco de los ataques del mandatario de tendencia ultraderechista Jair Bolsonaro, aprender\u00e1 \u00abque el Amazonas no es una llanura y all\u00ed entender\u00e1 mejor c\u00f3mo funcionan las cosas en esta inmensa regi\u00f3n\u00bb.<\/p>\n\n\n\n<p class=\"wp-block-paragraph\">Anteriormente DiCaprio denunci\u00f3 que Bolsonaro \u00abdud\u00f3 p\u00fablicamente de la gravedad\u00bb de los incendios en la regi\u00f3n y hay \u00abuna creciente preocupaci\u00f3n de que la deforestaci\u00f3n en curso no est\u00e1 recibiendo suficiente atenci\u00f3n\u00bb.<\/p>\n\n\n\n<p class=\"wp-block-paragraph\">\u00abObviamente seremos juzgados por nuestros resultados y no por nuestras intenciones. Y esa es mi mayor angustia todo el tiempo. Tenemos que presentar los resultados. Y estos se centran en los ejes de la preservaci\u00f3n, la protecci\u00f3n y el desarrollo sostenible\u00bb, indic\u00f3 el general.<\/p>\n\n\n\n<p class=\"wp-block-paragraph\">Aleg\u00f3 que el bosque no se est\u00e1 quemando. \u00abSin embargo, la imagen que se transmite al resto de Brasil y a la comunidad internacional es que hay fuego en la selva\u00bb.<\/p>\n\n\n\n<p class=\"wp-block-paragraph\">DiCaprio public\u00f3 una nota en ese periodo en el diario brit\u00e1nico The Guardian con estad\u00edsticas del Instituto Nacional de Pesquisas Espaciales brasile\u00f1o sobre el aumento de las quemas amaz\u00f3nicas en julio de 2020.<\/p>\n\n\n\n<p class=\"has-text-align-right wp-block-paragraph\"><em>PL<\/em><\/p>\n","protected":false},"excerpt":{"rendered":"<p>BRASILIA, Brasil.- El afamado actor estadounidense Leonardo DiCaprio invit\u00f3 a los j\u00f3venes brasile\u00f1os a que acudan a las urnas en octubre y as\u00ed cambiar la grave situaci\u00f3n medioambiental en el mundo, inform\u00f3 hoy el portal Brasil 247. \u00abBrasil alberga el Amazonas y otros ecosistemas cr\u00edticos para el cambio clim\u00e1tico. Lo que sucede all\u00ed es importante [&hellip;]<\/p>\n","protected":false},"author":1,"featured_media":0,"comment_status":"open","ping_status":"open","sticky":false,"template":"","format":"standard","meta":{"_bbp_topic_count":0,"_bbp_reply_count":0,"_bbp_total_topic_count":0,"_bbp_total_reply_count":0,"_bbp_voice_count":0,"_bbp_anonymous_reply_count":0,"_bbp_topic_count_hidden":0,"_bbp_reply_count_hidden":0,"_bbp_forum_subforum_count":0,"footnotes":""},"categories":[39,60],"tags":[],"class_list":["post-362305","post","type-post","status-publish","format-standard","category-entretenimiento","category-titulares-del-dia"],"_links":{"self":[{"href":"https:\/\/primermomento.com\/index.php?rest_route=\/wp\/v2\/posts\/362305","targetHints":{"allow":["GET"]}}],"collection":[{"href":"https:\/\/primermomento.com\/index.php?rest_route=\/wp\/v2\/posts"}],"about":[{"href":"https:\/\/primermomento.com\/index.php?rest_route=\/wp\/v2\/types\/post"}],"author":[{"embeddable":true,"href":"https:\/\/primermomento.com\/index.php?rest_route=\/wp\/v2\/users\/1"}],"replies":[{"embeddable":true,"href":"https:\/\/primermomento.com\/index.php?rest_route=%2Fwp%2Fv2%2Fcomments&post=362305"}],"version-history":[{"count":1,"href":"https:\/\/primermomento.com\/index.php?rest_route=\/wp\/v2\/posts\/362305\/revisions"}],"predecessor-version":[{"id":362307,"href":"https:\/\/primermomento.com\/index.php?rest_route=\/wp\/v2\/posts\/362305\/revisions\/362307"}],"wp:attachment":[{"href":"https:\/\/primermomento.com\/index.php?rest_route=%2Fwp%2Fv2%2Fmedia&parent=362305"}],"wp:term":[{"taxonomy":"category","embeddable":true,"href":"https:\/\/primermomento.com\/index.php?rest_route=%2Fwp%2Fv2%2Fcategories&post=362305"},{"taxonomy":"post_tag","embeddable":true,"href":"https:\/\/primermomento.com\/index.php?rest_route=%2Fwp%2Fv2%2Ftags&post=362305"}],"curies":[{"name":"wp","href":"https:\/\/api.w.org\/{rel}","templated":true}]}}