{"id":363386,"date":"2022-05-20T08:35:00","date_gmt":"2022-05-20T12:35:00","guid":{"rendered":"http:\/\/primermomento.com\/?p=363386"},"modified":"2022-05-20T14:41:19","modified_gmt":"2022-05-20T18:41:19","slug":"artistas-han-vivido-en-la-miseria-por-no-recibir-beneficios-de-sus-obras","status":"publish","type":"post","link":"https:\/\/primermomento.com\/?p=363386","title":{"rendered":"Artistas han vivido en la miseria por no recibir beneficios de sus obras"},"content":{"rendered":"\n<p class=\"wp-block-paragraph\">SANTO DOMINGO, Rep\u00fablica Dominicana.- Muchos artistas dominicanos han vivido en la miseria hasta el final de su vida, \u201cporque por una raz\u00f3n u otra, no han podido recibir los beneficios que les corresponden como autores, int\u00e9rpretes y ejecutantes en las diversas ramas de las artes\u201d.<\/p>\n\n\n\n<div class=\"wp-block-image\"><figure class=\"alignleft size-full\"><img loading=\"lazy\" decoding=\"async\" width=\"468\" height=\"357\" src=\"http:\/\/primermomento.com\/wp-content\/uploads\/2022\/05\/Gonell-Cosme-habla-en-Moca1.jpg\" alt=\"\" class=\"wp-image-363387\" srcset=\"https:\/\/primermomento.com\/wp-content\/uploads\/2022\/05\/Gonell-Cosme-habla-en-Moca1.jpg 468w, https:\/\/primermomento.com\/wp-content\/uploads\/2022\/05\/Gonell-Cosme-habla-en-Moca1-300x229.jpg 300w, https:\/\/primermomento.com\/wp-content\/uploads\/2022\/05\/Gonell-Cosme-habla-en-Moca1-280x214.jpg 280w, https:\/\/primermomento.com\/wp-content\/uploads\/2022\/05\/Gonell-Cosme-habla-en-Moca1-118x90.jpg 118w\" sizes=\"auto, (max-width: 468px) 100vw, 468px\" \/><figcaption><em>Jos\u00e9 Ruben Gonell Cosme<\/em><\/figcaption><\/figure><\/div>\n\n\n\n<p class=\"wp-block-paragraph\">La afirmaci\u00f3n la hizo el director general de la Oficina Nacional de Derecho de Autor (Onda<strong>), <\/strong>licenciado Jos\u00e9 Rub\u00e9n Gonell Cosme, en el conversatorio sobre el derecho de autor celebrado este viernes en el Palacio Municipal junto a otros expertos.<\/p>\n\n\n\n<p class=\"wp-block-paragraph\">En una parte de su exposici\u00f3n, Gonell Cosme record\u00f3 que con frecuencia sale a relucir, y causa hasta alarma, que tal o cual artista vive o ha muerto en la penuria, pero eso no sucediera si recibieran los beneficios los derechos por la explotaci\u00f3n de sus obras.<\/p>\n\n\n\n<p class=\"wp-block-paragraph\">\u201cY eso puede seguir ocurriendo con arquitectos, artesanos, escritores, artistas pl\u00e1sticos y de otras ramas de la industria creativa, vivir\u00e1n en medio de precariedades econ\u00f3micas, si no registran sus obras y se organizan en sociedades de gesti\u00f3n colectiva para reclamar sus derechos\u201d dijo.<\/p>\n\n\n\n<p class=\"wp-block-paragraph\">Expres\u00f3 que desde la ONDA, y\u00a0por instrucciones del presidente Luis Abinader, el Gobierno est\u00e1 poniendo su parte, consolidando un marco legal que sea propicio para que los autores est\u00e9n protegidos en sus derechos.<\/p>\n\n\n\n<p class=\"wp-block-paragraph\">\u201cEstamos trabajando con el Ministerio P\u00fablico y el Poder Judicial para que haya m\u00e1s fiscales y jueces competentes en esta especialidad del derecho, estamos impartiendo cursos y seminarios constantes a esos actores\u201d, agreg\u00f3 Gonell Cosme.<\/p>\n\n\n\n<p class=\"wp-block-paragraph\">En esa labor de capacitaci\u00f3n \u201cdesde la ONDA hemos logrado la colaboraci\u00f3n de la Organizaci\u00f3n Mundial de la Propiedad Intelectual (OMPI) que ha dispuesto de un grupo de expertos para formar abogados, jueces y fiscales\u201d.<\/p>\n\n\n\n<p class=\"wp-block-paragraph\">\u201cDe modo que estamos trabajando para garantizar los derechos de nuestros autores y ese es un inter\u00e9s del presidente Abinader que valora el aporte que a trav\u00e9s de la industria creativa hacen miles de dominicanos y dominicanas en beneficio de nuestra cultura y nuestra econom\u00eda\u201d, subray\u00f3.<\/p>\n\n\n\n<p class=\"wp-block-paragraph\">El director general de la ONDA destac\u00f3 que los conversatorios como el celebrado este viernes en Moca buscan dar a conocer el derecho de autor, \u201cde modo que muchos de ustedes aqu\u00ed presentes sepan que tienen derechos a recibir los beneficios por la explotaci\u00f3n de sus obras, y que los usuarios sepan que quienes crean esas obras deben de ser recompensados\u201d.<\/p>\n\n\n\n<p class=\"wp-block-paragraph\">Durante el coloquio, adem\u00e1s de Gonell Cosme, expusieron:\u00a0Luc\u00eda Castillo, encargada de Sociedades de Gesti\u00f3n Colectiva de Derecho de Autor y Derechos Conexos;\u00a0Melvin Pe\u00f1a, de Resoluci\u00f3n y Conflicto;\u00a0Wilkis Santana, analista de Programaci\u00f3n y Planificaci\u00f3n, Tambi\u00e9n intervino el cantante y director de orquesta\u00a0Pochi Familia, en representaci\u00f3n de las sociedades de gesti\u00f3n colectiva.<\/p>\n\n\n\n<p class=\"wp-block-paragraph\">En el coloquio, que incluy\u00f3 la interacci\u00f3n con el p\u00fablico presente, los expertos explicaron en qu\u00e9 consiste el derecho de autor y los beneficios que el mismo representa para los creativos, as\u00ed como sobre el aporte que hacen a trav\u00e9s de sus obras al desarrollo de la industria creativa dominicana.<\/p>\n\n\n\n<p class=\"wp-block-paragraph\">El conversatorio fue celebrado en el sal\u00f3n de actos de<strong> <\/strong>la Sala Capitular\u00a0de la Alcald\u00eda de Moca, provincia Espaillat, y cont\u00f3 con la participaci\u00f3n de comerciantes, artistas, compositores y otras personas interesadas en el derecho de autor.<\/p>\n\n\n\n<p class=\"wp-block-paragraph\">El alcalde de Moca,\u00a0Guarocuya Cabral, tuvo a cargo las palabras bienvenidas. Luego dirigieron breves palabras de salutaci\u00f3n el asesor del director general de la ONDA, Jey Polonia y Valerio de Le\u00f3n, presidente de Sgacedom, en representaci\u00f3n de las sociedades de gesti\u00f3n colectiva.<\/p>\n\n\n\n<p class=\"wp-block-paragraph\"><strong>Reconocimiento a personalidades<\/strong><\/p>\n\n\n\n<p class=\"wp-block-paragraph\">Al finalizar el conversatorio se desarroll\u00f3 una breve ceremonia en la que el director general Gonell Cosme, entreg\u00f3 placas de reconocimientos a varias personalidades.<\/p>\n\n\n\n<p class=\"wp-block-paragraph\">Los reconocidos por su labor como autores fueron el instrumentista y director de orquesta Luis Manuel Ovalles (Luis Ovalles), el compositor y publicista\u00a0Carlos Brito; el cantante y compositor Miguel Vinicio Alm\u00e1nzar Taveras (Miky Taveras) y\u00a0Juan de Jes\u00fas Santos, autor del himno de este municipio de Moca. La ceremonia cerr\u00f3 con un homenaje p\u00f3stumo al historiador, escritor y periodista\u00a0Adriano Miguel Tejada.<\/p>\n","protected":false},"excerpt":{"rendered":"<p>SANTO DOMINGO, Rep\u00fablica Dominicana.- Muchos artistas dominicanos han vivido en la miseria hasta el final de su vida, \u201cporque por una raz\u00f3n u otra, no han podido recibir los beneficios que les corresponden como autores, int\u00e9rpretes y ejecutantes en las diversas ramas de las artes\u201d. La afirmaci\u00f3n la hizo el director general de la Oficina [&hellip;]<\/p>\n","protected":false},"author":1,"featured_media":0,"comment_status":"open","ping_status":"open","sticky":false,"template":"","format":"standard","meta":{"_bbp_topic_count":0,"_bbp_reply_count":0,"_bbp_total_topic_count":0,"_bbp_total_reply_count":0,"_bbp_voice_count":0,"_bbp_anonymous_reply_count":0,"_bbp_topic_count_hidden":0,"_bbp_reply_count_hidden":0,"_bbp_forum_subforum_count":0,"footnotes":""},"categories":[39,60],"tags":[],"class_list":["post-363386","post","type-post","status-publish","format-standard","category-entretenimiento","category-titulares-del-dia"],"_links":{"self":[{"href":"https:\/\/primermomento.com\/index.php?rest_route=\/wp\/v2\/posts\/363386","targetHints":{"allow":["GET"]}}],"collection":[{"href":"https:\/\/primermomento.com\/index.php?rest_route=\/wp\/v2\/posts"}],"about":[{"href":"https:\/\/primermomento.com\/index.php?rest_route=\/wp\/v2\/types\/post"}],"author":[{"embeddable":true,"href":"https:\/\/primermomento.com\/index.php?rest_route=\/wp\/v2\/users\/1"}],"replies":[{"embeddable":true,"href":"https:\/\/primermomento.com\/index.php?rest_route=%2Fwp%2Fv2%2Fcomments&post=363386"}],"version-history":[{"count":3,"href":"https:\/\/primermomento.com\/index.php?rest_route=\/wp\/v2\/posts\/363386\/revisions"}],"predecessor-version":[{"id":363391,"href":"https:\/\/primermomento.com\/index.php?rest_route=\/wp\/v2\/posts\/363386\/revisions\/363391"}],"wp:attachment":[{"href":"https:\/\/primermomento.com\/index.php?rest_route=%2Fwp%2Fv2%2Fmedia&parent=363386"}],"wp:term":[{"taxonomy":"category","embeddable":true,"href":"https:\/\/primermomento.com\/index.php?rest_route=%2Fwp%2Fv2%2Fcategories&post=363386"},{"taxonomy":"post_tag","embeddable":true,"href":"https:\/\/primermomento.com\/index.php?rest_route=%2Fwp%2Fv2%2Ftags&post=363386"}],"curies":[{"name":"wp","href":"https:\/\/api.w.org\/{rel}","templated":true}]}}