{"id":363697,"date":"2022-05-25T08:59:00","date_gmt":"2022-05-25T12:59:00","guid":{"rendered":"http:\/\/primermomento.com\/?p=363697"},"modified":"2022-05-25T17:02:24","modified_gmt":"2022-05-25T21:02:24","slug":"masacre-en-texas-eeuu-conmociona-a-comunidad-de-actores","status":"publish","type":"post","link":"https:\/\/primermomento.com\/?p=363697","title":{"rendered":"Masacre en Texas, EEUU, conmociona a comunidad de actores"},"content":{"rendered":"\n<p class=\"wp-block-paragraph\">WASHINGTON, EEUU.- La masacre ocurrida en una escuela primaria de Uvalde, en el estado norteamericano de Texas, trae hoy indignaci\u00f3n y dolor a celebridades del sector cinematogr\u00e1fico, quienes se pronunciaron en contra de la posesi\u00f3n de armas de fuego.<\/p>\n\n\n<div class=\"wp-block-image\">\n<figure class=\"aligncenter size-full\"><img loading=\"lazy\" decoding=\"async\" width=\"800\" height=\"450\" src=\"http:\/\/primermomento.com\/wp-content\/uploads\/2022\/05\/Matthew-McConaughey.jpg\" alt=\"\" class=\"wp-image-363698\" srcset=\"https:\/\/primermomento.com\/wp-content\/uploads\/2022\/05\/Matthew-McConaughey.jpg 800w, https:\/\/primermomento.com\/wp-content\/uploads\/2022\/05\/Matthew-McConaughey-300x169.jpg 300w, https:\/\/primermomento.com\/wp-content\/uploads\/2022\/05\/Matthew-McConaughey-768x432.jpg 768w, https:\/\/primermomento.com\/wp-content\/uploads\/2022\/05\/Matthew-McConaughey-478x270.jpg 478w, https:\/\/primermomento.com\/wp-content\/uploads\/2022\/05\/Matthew-McConaughey-500x281.jpg 500w, https:\/\/primermomento.com\/wp-content\/uploads\/2022\/05\/Matthew-McConaughey-280x158.jpg 280w, https:\/\/primermomento.com\/wp-content\/uploads\/2022\/05\/Matthew-McConaughey-638x359.jpg 638w, https:\/\/primermomento.com\/wp-content\/uploads\/2022\/05\/Matthew-McConaughey-118x66.jpg 118w, https:\/\/primermomento.com\/wp-content\/uploads\/2022\/05\/Matthew-McConaughey-479x269.jpg 479w\" sizes=\"auto, (max-width: 800px) 100vw, 800px\" \/><\/figure>\n<\/div>\n\n\n<p class=\"wp-block-paragraph\">Entre los rostros reconocidos que manifestaron su impotencia y tristeza ante los hechos est\u00e1 el actor Matthew McConaughey, precisamente originario de la ciudad texana, quien declar\u00f3 abierta oposici\u00f3n a esos artefactos.<\/p>\n\n\n\n<p class=\"wp-block-paragraph\">McConaughey pidi\u00f3 a los ciudadanos \u201cdejar de poner excusas y no aceptar esas tr\u00e1gicas realidades como algo establecido\u201d.<\/p>\n\n\n\n<p class=\"wp-block-paragraph\">Una vez m\u00e1s probamos de manera tr\u00e1gica que estamos fallando en ser responsables con nuestros derechos, agreg\u00f3 el actor.<\/p>\n\n\n\n<p class=\"wp-block-paragraph\">Su mensaje finaliz\u00f3 con una contundente petici\u00f3n para eliminar esos dispositivos, pues para \u00e9l, la violencia provocada por las armas de fuego representa \u201cuna epidemia que podemos controlar\u201d.<\/p>\n\n\n\n<p class=\"wp-block-paragraph\">Tenemos que pasar a la acci\u00f3n. Ning\u00fan padre debe experimentar lo afrontado en Uvalde, concluy\u00f3 el int\u00e9rprete, protagonista de filmes, como Serenity (2019) o The Gentlemen (2020).<\/p>\n\n\n\n<p class=\"wp-block-paragraph\">La masacre que tuvo lugar la v\u00edspera en la escuela primaria Robb, en Texas, que dej\u00f3 19 ni\u00f1os y dos maestros muertos, se suma a la lista de los m\u00e1s de 200 incidentes con artefactos letales ocurridos en la naci\u00f3n norte\u00f1a solo en 2022.<\/p>\n\n\n\n<p class=\"has-text-align-right wp-block-paragraph\"><em>PL<\/em><\/p>\n","protected":false},"excerpt":{"rendered":"<p>WASHINGTON, EEUU.- La masacre ocurrida en una escuela primaria de Uvalde, en el estado norteamericano de Texas, trae hoy indignaci\u00f3n y dolor a celebridades del sector cinematogr\u00e1fico, quienes se pronunciaron en contra de la posesi\u00f3n de armas de fuego. Entre los rostros reconocidos que manifestaron su impotencia y tristeza ante los hechos est\u00e1 el actor [&hellip;]<\/p>\n","protected":false},"author":1,"featured_media":0,"comment_status":"open","ping_status":"open","sticky":false,"template":"","format":"standard","meta":{"_bbp_topic_count":0,"_bbp_reply_count":0,"_bbp_total_topic_count":0,"_bbp_total_reply_count":0,"_bbp_voice_count":0,"_bbp_anonymous_reply_count":0,"_bbp_topic_count_hidden":0,"_bbp_reply_count_hidden":0,"_bbp_forum_subforum_count":0,"footnotes":""},"categories":[39],"tags":[],"class_list":["post-363697","post","type-post","status-publish","format-standard","category-entretenimiento"],"_links":{"self":[{"href":"https:\/\/primermomento.com\/index.php?rest_route=\/wp\/v2\/posts\/363697","targetHints":{"allow":["GET"]}}],"collection":[{"href":"https:\/\/primermomento.com\/index.php?rest_route=\/wp\/v2\/posts"}],"about":[{"href":"https:\/\/primermomento.com\/index.php?rest_route=\/wp\/v2\/types\/post"}],"author":[{"embeddable":true,"href":"https:\/\/primermomento.com\/index.php?rest_route=\/wp\/v2\/users\/1"}],"replies":[{"embeddable":true,"href":"https:\/\/primermomento.com\/index.php?rest_route=%2Fwp%2Fv2%2Fcomments&post=363697"}],"version-history":[{"count":1,"href":"https:\/\/primermomento.com\/index.php?rest_route=\/wp\/v2\/posts\/363697\/revisions"}],"predecessor-version":[{"id":363699,"href":"https:\/\/primermomento.com\/index.php?rest_route=\/wp\/v2\/posts\/363697\/revisions\/363699"}],"wp:attachment":[{"href":"https:\/\/primermomento.com\/index.php?rest_route=%2Fwp%2Fv2%2Fmedia&parent=363697"}],"wp:term":[{"taxonomy":"category","embeddable":true,"href":"https:\/\/primermomento.com\/index.php?rest_route=%2Fwp%2Fv2%2Fcategories&post=363697"},{"taxonomy":"post_tag","embeddable":true,"href":"https:\/\/primermomento.com\/index.php?rest_route=%2Fwp%2Fv2%2Ftags&post=363697"}],"curies":[{"name":"wp","href":"https:\/\/api.w.org\/{rel}","templated":true}]}}