{"id":363769,"date":"2022-05-26T14:11:00","date_gmt":"2022-05-26T18:11:00","guid":{"rendered":"http:\/\/primermomento.com\/?p=363769"},"modified":"2022-05-26T16:14:31","modified_gmt":"2022-05-26T20:14:31","slug":"fallece-en-republica-dominicana-actor-estadounidense-ray-liotta","status":"publish","type":"post","link":"https:\/\/primermomento.com\/?p=363769","title":{"rendered":"Fallece en Rep\u00fablica Dominicana actor estadounidense Ray Liotta"},"content":{"rendered":"\n<p class=\"wp-block-paragraph\">SANTO DOMINGO, Rep\u00fablica Dominicana.- El actor estadounidense Ray Liotta falleci\u00f3 hoy a los 67 a\u00f1os de edad en esta capital, pero a\u00fan se desconocen los detalles de lo acontecido.<\/p>\n\n\n<div class=\"wp-block-image\">\n<figure class=\"aligncenter size-full\"><img loading=\"lazy\" decoding=\"async\" width=\"748\" height=\"506\" src=\"http:\/\/primermomento.com\/wp-content\/uploads\/2022\/05\/Ray-Liotta.jpg\" alt=\"\" class=\"wp-image-363770\" srcset=\"https:\/\/primermomento.com\/wp-content\/uploads\/2022\/05\/Ray-Liotta.jpg 748w, https:\/\/primermomento.com\/wp-content\/uploads\/2022\/05\/Ray-Liotta-300x203.jpg 300w, https:\/\/primermomento.com\/wp-content\/uploads\/2022\/05\/Ray-Liotta-73x50.jpg 73w, https:\/\/primermomento.com\/wp-content\/uploads\/2022\/05\/Ray-Liotta-500x338.jpg 500w, https:\/\/primermomento.com\/wp-content\/uploads\/2022\/05\/Ray-Liotta-280x189.jpg 280w, https:\/\/primermomento.com\/wp-content\/uploads\/2022\/05\/Ray-Liotta-60x40.jpg 60w, https:\/\/primermomento.com\/wp-content\/uploads\/2022\/05\/Ray-Liotta-638x432.jpg 638w, https:\/\/primermomento.com\/wp-content\/uploads\/2022\/05\/Ray-Liotta-118x80.jpg 118w, https:\/\/primermomento.com\/wp-content\/uploads\/2022\/05\/Ray-Liotta-479x324.jpg 479w\" sizes=\"auto, (max-width: 748px) 100vw, 748px\" \/><\/figure>\n<\/div>\n\n\n<p class=\"wp-block-paragraph\">La noticia la confirm\u00f3 Karsen Liotta, su \u00fanica hija, de 24 a\u00f1os de edad, y datos preliminares dieron a conocer que el deceso ocurri\u00f3 mientras dorm\u00eda.<\/p>\n\n\n\n<p class=\"wp-block-paragraph\">Seg\u00fan el portal Deadline, en estos momentos est\u00e1n a la espera del informe oficial sobre la muerte del int\u00e9rprete, recordado por su amplia cinematograf\u00eda, pero la cinta Uno de los nuestros (1990), obra maestra del director norteamericano Martin Scorsese, lo marc\u00f3 al encarnar a Henry Hill, un brutal criminal de la mafia.<\/p>\n\n\n\n<p class=\"wp-block-paragraph\">\u201cQue yo recuerde, desde que tuve uso de raz\u00f3n, quise ser un g\u00e1nster\u201d, fue la frase del personaje en la primera escena, refiri\u00e9ndose a los miembros de la familia Lucchese, de Nueva York.<\/p>\n\n\n\n<p class=\"wp-block-paragraph\">Desde la m\u00edtica interpretaci\u00f3n, Liotta se convirti\u00f3 en habitual del cine g\u00e1ngsteril y por estos d\u00edas rodaba en este pa\u00eds del Caribe Aguas peligrosas.<\/p>\n\n\n\n<p class=\"wp-block-paragraph\">Raymond Allen Liotta, su nombre completo, tambi\u00e9n destac\u00f3 en los filmes Algo salvaje (1986), lo cual le vali\u00f3 la candidatura a los Globos de Oro; Falsa seducci\u00f3n (1992); Hannibal (2001) y Identidad (2003).<\/p>\n\n\n\n<p class=\"has-text-align-right wp-block-paragraph\"><em>PL<\/em><\/p>\n","protected":false},"excerpt":{"rendered":"<p>SANTO DOMINGO, Rep\u00fablica Dominicana.- El actor estadounidense Ray Liotta falleci\u00f3 hoy a los 67 a\u00f1os de edad en esta capital, pero a\u00fan se desconocen los detalles de lo acontecido. La noticia la confirm\u00f3 Karsen Liotta, su \u00fanica hija, de 24 a\u00f1os de edad, y datos preliminares dieron a conocer que el deceso ocurri\u00f3 mientras dorm\u00eda. [&hellip;]<\/p>\n","protected":false},"author":1,"featured_media":0,"comment_status":"open","ping_status":"open","sticky":false,"template":"","format":"standard","meta":{"_bbp_topic_count":0,"_bbp_reply_count":0,"_bbp_total_topic_count":0,"_bbp_total_reply_count":0,"_bbp_voice_count":0,"_bbp_anonymous_reply_count":0,"_bbp_topic_count_hidden":0,"_bbp_reply_count_hidden":0,"_bbp_forum_subforum_count":0,"footnotes":""},"categories":[39,60],"tags":[],"class_list":["post-363769","post","type-post","status-publish","format-standard","category-entretenimiento","category-titulares-del-dia"],"_links":{"self":[{"href":"https:\/\/primermomento.com\/index.php?rest_route=\/wp\/v2\/posts\/363769","targetHints":{"allow":["GET"]}}],"collection":[{"href":"https:\/\/primermomento.com\/index.php?rest_route=\/wp\/v2\/posts"}],"about":[{"href":"https:\/\/primermomento.com\/index.php?rest_route=\/wp\/v2\/types\/post"}],"author":[{"embeddable":true,"href":"https:\/\/primermomento.com\/index.php?rest_route=\/wp\/v2\/users\/1"}],"replies":[{"embeddable":true,"href":"https:\/\/primermomento.com\/index.php?rest_route=%2Fwp%2Fv2%2Fcomments&post=363769"}],"version-history":[{"count":1,"href":"https:\/\/primermomento.com\/index.php?rest_route=\/wp\/v2\/posts\/363769\/revisions"}],"predecessor-version":[{"id":363771,"href":"https:\/\/primermomento.com\/index.php?rest_route=\/wp\/v2\/posts\/363769\/revisions\/363771"}],"wp:attachment":[{"href":"https:\/\/primermomento.com\/index.php?rest_route=%2Fwp%2Fv2%2Fmedia&parent=363769"}],"wp:term":[{"taxonomy":"category","embeddable":true,"href":"https:\/\/primermomento.com\/index.php?rest_route=%2Fwp%2Fv2%2Fcategories&post=363769"},{"taxonomy":"post_tag","embeddable":true,"href":"https:\/\/primermomento.com\/index.php?rest_route=%2Fwp%2Fv2%2Ftags&post=363769"}],"curies":[{"name":"wp","href":"https:\/\/api.w.org\/{rel}","templated":true}]}}