{"id":363981,"date":"2022-06-01T09:10:00","date_gmt":"2022-06-01T13:10:00","guid":{"rendered":"http:\/\/primermomento.com\/?p=363981"},"modified":"2022-06-01T20:17:01","modified_gmt":"2022-06-02T00:17:01","slug":"dominicana-comparte-en-unesco-records-de-baile-de-generos-tipicos","status":"publish","type":"post","link":"https:\/\/primermomento.com\/?p=363981","title":{"rendered":"Dominicana comparte en Unesco r\u00e9cords de baile de g\u00e9neros t\u00edpicos\u00a0"},"content":{"rendered":"\n<p class=\"wp-block-paragraph\">PAR\u013aS, Francia.- La Misi\u00f3n Permanente de la Rep\u00fablica Dominicana ante la Unesco comparti\u00f3 hoy en el contexto de la Semana de Am\u00e9rica Latina y el Caribe detalles de los bailes de Bachata y Merengue m\u00e1s grandes del mundo.<\/p>\n\n\n<div class=\"wp-block-image\">\n<figure class=\"aligncenter size-full\"><img loading=\"lazy\" decoding=\"async\" width=\"634\" height=\"476\" src=\"http:\/\/primermomento.com\/wp-content\/uploads\/2022\/06\/unesco-rep-dominicana1.jpg\" alt=\"\" class=\"wp-image-363982\" srcset=\"https:\/\/primermomento.com\/wp-content\/uploads\/2022\/06\/unesco-rep-dominicana1.jpg 634w, https:\/\/primermomento.com\/wp-content\/uploads\/2022\/06\/unesco-rep-dominicana1-300x225.jpg 300w, https:\/\/primermomento.com\/wp-content\/uploads\/2022\/06\/unesco-rep-dominicana1-120x90.jpg 120w, https:\/\/primermomento.com\/wp-content\/uploads\/2022\/06\/unesco-rep-dominicana1-500x375.jpg 500w, https:\/\/primermomento.com\/wp-content\/uploads\/2022\/06\/unesco-rep-dominicana1-280x210.jpg 280w, https:\/\/primermomento.com\/wp-content\/uploads\/2022\/06\/unesco-rep-dominicana1-118x89.jpg 118w, https:\/\/primermomento.com\/wp-content\/uploads\/2022\/06\/unesco-rep-dominicana1-479x360.jpg 479w\" sizes=\"auto, (max-width: 634px) 100vw, 634px\" \/><\/figure>\n<\/div>\n\n\n<p class=\"wp-block-paragraph\">Mediante videos, testimonios y la explicaci\u00f3n del reconocido director y productor del pa\u00eds caribe\u00f1o Alberto Zayas, los presentes en el Hall S\u00e9gur de la sede parisina del ente multilateral conocieron el proceso que llev\u00f3 a registrar esos bailes en el Libro Guinness de los r\u00e9cords.<\/p>\n\n\n\n<p class=\"wp-block-paragraph\">El evento Dominicana, una rep\u00fablica de r\u00e9cords, cont\u00f3 con la moderaci\u00f3n de la integrante de la misi\u00f3n diplom\u00e1tica Victoria Est\u00e9vez y una exhibici\u00f3n de Bachata y Merengue, que sirvi\u00f3 de colof\u00f3n a la jornada en la cual tambi\u00e9n se disfrut\u00f3 la Rumba y el Son cubanos, la Cueca chilena y la Capoeira brasile\u00f1a, as\u00ed como la gastronom\u00eda latinoamericana y caribe\u00f1a.<\/p>\n\n\n\n<p class=\"wp-block-paragraph\">Nadie pod\u00eda bailar m\u00e1s Bachata y Merengue que los dominicanos, coment\u00f3 en tono jocoso Est\u00e9vez, quien record\u00f3 que ambos g\u00e9neros forman parte del Patrimonio Cultural Inmaterial de la Humanidad desde 2019 y 2016, respectivamente.<\/p>\n\n\n\n<p class=\"wp-block-paragraph\">Por su parte, Zayas present\u00f3 una amplia explicaci\u00f3n de los preparativos, los artistas invitados, el apoyo de autoridades y la participaci\u00f3n popular que posibilitaron las marcas.<\/p>\n\n\n\n<p class=\"wp-block-paragraph\">El 11 de diciembre de 2021, 489 parejas dominicanas bailaron durante cinco minutos Bachata al ritmo del tema Pena por ti, de la leyenda viviente Luis Segura, considerado el padre del g\u00e9nero.<\/p>\n\n\n\n<p class=\"wp-block-paragraph\">Ese r\u00e9cord se sum\u00f3 al logrado el 3 de noviembre de 2019 por 422 parejas de Merengue acompa\u00f1ados por el inmortal \u201cMereng\u00f3n\u201d de Jose\u00edto Mateo, en una actividad bendecida entonces por la lluvia.<\/p>\n\n\n\n<p class=\"wp-block-paragraph\">Con esas actuaciones quedaron atr\u00e1s las marcas impuestas por bailarines de Rusia (2013), en el caso del Merengue, y de Polonia (2019) en el de la Bachata.<\/p>\n\n\n\n<p class=\"has-text-align-right wp-block-paragraph\"><em>PL<\/em><\/p>\n","protected":false},"excerpt":{"rendered":"<p>PAR\u013aS, Francia.- La Misi\u00f3n Permanente de la Rep\u00fablica Dominicana ante la Unesco comparti\u00f3 hoy en el contexto de la Semana de Am\u00e9rica Latina y el Caribe detalles de los bailes de Bachata y Merengue m\u00e1s grandes del mundo. Mediante videos, testimonios y la explicaci\u00f3n del reconocido director y productor del pa\u00eds caribe\u00f1o Alberto Zayas, los [&hellip;]<\/p>\n","protected":false},"author":1,"featured_media":0,"comment_status":"open","ping_status":"open","sticky":false,"template":"","format":"standard","meta":{"_bbp_topic_count":0,"_bbp_reply_count":0,"_bbp_total_topic_count":0,"_bbp_total_reply_count":0,"_bbp_voice_count":0,"_bbp_anonymous_reply_count":0,"_bbp_topic_count_hidden":0,"_bbp_reply_count_hidden":0,"_bbp_forum_subforum_count":0,"footnotes":""},"categories":[39,60],"tags":[],"class_list":["post-363981","post","type-post","status-publish","format-standard","category-entretenimiento","category-titulares-del-dia"],"_links":{"self":[{"href":"https:\/\/primermomento.com\/index.php?rest_route=\/wp\/v2\/posts\/363981","targetHints":{"allow":["GET"]}}],"collection":[{"href":"https:\/\/primermomento.com\/index.php?rest_route=\/wp\/v2\/posts"}],"about":[{"href":"https:\/\/primermomento.com\/index.php?rest_route=\/wp\/v2\/types\/post"}],"author":[{"embeddable":true,"href":"https:\/\/primermomento.com\/index.php?rest_route=\/wp\/v2\/users\/1"}],"replies":[{"embeddable":true,"href":"https:\/\/primermomento.com\/index.php?rest_route=%2Fwp%2Fv2%2Fcomments&post=363981"}],"version-history":[{"count":1,"href":"https:\/\/primermomento.com\/index.php?rest_route=\/wp\/v2\/posts\/363981\/revisions"}],"predecessor-version":[{"id":363983,"href":"https:\/\/primermomento.com\/index.php?rest_route=\/wp\/v2\/posts\/363981\/revisions\/363983"}],"wp:attachment":[{"href":"https:\/\/primermomento.com\/index.php?rest_route=%2Fwp%2Fv2%2Fmedia&parent=363981"}],"wp:term":[{"taxonomy":"category","embeddable":true,"href":"https:\/\/primermomento.com\/index.php?rest_route=%2Fwp%2Fv2%2Fcategories&post=363981"},{"taxonomy":"post_tag","embeddable":true,"href":"https:\/\/primermomento.com\/index.php?rest_route=%2Fwp%2Fv2%2Ftags&post=363981"}],"curies":[{"name":"wp","href":"https:\/\/api.w.org\/{rel}","templated":true}]}}