{"id":364063,"date":"2022-06-03T13:15:00","date_gmt":"2022-06-03T17:15:00","guid":{"rendered":"http:\/\/primermomento.com\/?p=364063"},"modified":"2022-06-03T14:17:39","modified_gmt":"2022-06-03T18:17:39","slug":"dominicanos-ny-complacidos-con-regreso-el-pacha-a-la-radio-neoyorkina","status":"publish","type":"post","link":"https:\/\/primermomento.com\/?p=364063","title":{"rendered":"Dominicanos NY complacidos con regreso El Pach\u00e1 a la radio neoyorkina"},"content":{"rendered":"\n<p class=\"wp-block-paragraph\">NUEVA YORK, EEUU.- Dominicanos residentes en esta ciudad se manifestaron complacidos con que el controvertido locutor, animador y presentador de televisi\u00f3n, Frederick Mart\u00ednez (El Pach\u00e1) haya regresado a la radio neoyorkina.<\/p>\n\n\n<div class=\"wp-block-image\">\n<figure class=\"aligncenter size-full\"><img loading=\"lazy\" decoding=\"async\" width=\"518\" height=\"369\" src=\"http:\/\/primermomento.com\/wp-content\/uploads\/2022\/06\/z-Dominicanos-NY-complacidos-El-Pacha-regrese-a-la-radio-neoyorkina.jpg\" alt=\"\" class=\"wp-image-364064\" srcset=\"https:\/\/primermomento.com\/wp-content\/uploads\/2022\/06\/z-Dominicanos-NY-complacidos-El-Pacha-regrese-a-la-radio-neoyorkina.jpg 518w, https:\/\/primermomento.com\/wp-content\/uploads\/2022\/06\/z-Dominicanos-NY-complacidos-El-Pacha-regrese-a-la-radio-neoyorkina-300x214.jpg 300w, https:\/\/primermomento.com\/wp-content\/uploads\/2022\/06\/z-Dominicanos-NY-complacidos-El-Pacha-regrese-a-la-radio-neoyorkina-110x77.jpg 110w, https:\/\/primermomento.com\/wp-content\/uploads\/2022\/06\/z-Dominicanos-NY-complacidos-El-Pacha-regrese-a-la-radio-neoyorkina-500x356.jpg 500w, https:\/\/primermomento.com\/wp-content\/uploads\/2022\/06\/z-Dominicanos-NY-complacidos-El-Pacha-regrese-a-la-radio-neoyorkina-280x199.jpg 280w, https:\/\/primermomento.com\/wp-content\/uploads\/2022\/06\/z-Dominicanos-NY-complacidos-El-Pacha-regrese-a-la-radio-neoyorkina-118x84.jpg 118w, https:\/\/primermomento.com\/wp-content\/uploads\/2022\/06\/z-Dominicanos-NY-complacidos-El-Pacha-regrese-a-la-radio-neoyorkina-479x341.jpg 479w\" sizes=\"auto, (max-width: 518px) 100vw, 518px\" \/><\/figure>\n<\/div>\n\n\n<p class=\"wp-block-paragraph\">Dicen que El Pach\u00e1 es un fen\u00f3meno en la radio que nos divierte, orienta, informa y actualiza en los diferentes aspectos de la cotidianidad y por eso los extra\u00f1amos mucho durante su retirada de la Gran Manzana.<\/p>\n\n\n\n<p class=\"wp-block-paragraph\">Luego de m\u00e1s de dos a\u00f1os de ausencia, El Pacha ingresa nuevamente a la \u201cLa Mega 97.9 FM\u201d como parte del \u201cVacil\u00f3n de la Ma\u00f1ana\u201d, espacio sin competencia en la urbe desde las 6:00 AM a 11:00 AM, de lunes a viernes, compartiendo escenario con el estelar DJ Aneudy, quien lo dirige.<\/p>\n\n\n\n<p class=\"wp-block-paragraph\">Mart\u00ednez, considerado unos de los comunicadores dominicanos de m\u00e1s \u00e9xito en USA, con trayectoria de 35 a\u00f1os de carrera ininterrumpida, conquistando premios en su trayectoria en la RD y EUA, firm\u00f3 contrato con la \u201cLa Mega\u201d, una de las estaciones radiales m\u00e1s populares de los Estados Unidos, con millones de radioescuchas en el \u00e1rea triestatal.<\/p>\n\n\n\n<p class=\"wp-block-paragraph\">Fue un contrato muy selectivo y amplio en favor de las dos partes, se inform\u00f3. Al parecer, Mart\u00ednez viajar\u00e1 todos los fines de semana a RD para participar en su estelar programa \u00abP\u00e9gate y Gana con El Pacha\u00bb.<\/p>\n\n\n\n<p class=\"wp-block-paragraph\">\u201c\u00a1New York es m\u00edo! Gracias a Arturo Sosa, director de la emisora por esta segunda oportunidad, al gran equipo del Vacil\u00f3n, un equipo ganador\u201d, exclam\u00f3 el afamado locutor al reiniciar sus labores el pasado martes.<\/p>\n\n\n\n<p class=\"wp-block-paragraph\">\u201cLlego cargado de humildad y aportar contenido para seguir con los n\u00fameros altos de este programa; vengo a trabajar duro, gracias a mis seguidores por este gran respaldo en mi primer d\u00eda, todos me conocen, soy un hombre de la radio y eso no se me olvida\u201d, agreg\u00f3.<\/p>\n\n\n\n<p class=\"wp-block-paragraph\">\u201cSoy un hombre nuevo y se hac\u00eda necesario llegar a la radio local y m\u00e1s a La Mega, la n\u00famero uno en el mundo como lo es donde siempre ser\u00e1 mi casa. Gracias a todos\u201d, concluy\u00f3 El Pach\u00e1.<\/p>\n\n\n\n<p class=\"has-text-align-right wp-block-paragraph\"><em>Ram\u00f3n Mercedes<\/em><\/p>\n","protected":false},"excerpt":{"rendered":"<p>NUEVA YORK, EEUU.- Dominicanos residentes en esta ciudad se manifestaron complacidos con que el controvertido locutor, animador y presentador de televisi\u00f3n, Frederick Mart\u00ednez (El Pach\u00e1) haya regresado a la radio neoyorkina. Dicen que El Pach\u00e1 es un fen\u00f3meno en la radio que nos divierte, orienta, informa y actualiza en los diferentes aspectos de la cotidianidad [&hellip;]<\/p>\n","protected":false},"author":1,"featured_media":0,"comment_status":"open","ping_status":"open","sticky":false,"template":"","format":"standard","meta":{"_bbp_topic_count":0,"_bbp_reply_count":0,"_bbp_total_topic_count":0,"_bbp_total_reply_count":0,"_bbp_voice_count":0,"_bbp_anonymous_reply_count":0,"_bbp_topic_count_hidden":0,"_bbp_reply_count_hidden":0,"_bbp_forum_subforum_count":0,"footnotes":""},"categories":[39,60],"tags":[],"class_list":["post-364063","post","type-post","status-publish","format-standard","category-entretenimiento","category-titulares-del-dia"],"_links":{"self":[{"href":"https:\/\/primermomento.com\/index.php?rest_route=\/wp\/v2\/posts\/364063","targetHints":{"allow":["GET"]}}],"collection":[{"href":"https:\/\/primermomento.com\/index.php?rest_route=\/wp\/v2\/posts"}],"about":[{"href":"https:\/\/primermomento.com\/index.php?rest_route=\/wp\/v2\/types\/post"}],"author":[{"embeddable":true,"href":"https:\/\/primermomento.com\/index.php?rest_route=\/wp\/v2\/users\/1"}],"replies":[{"embeddable":true,"href":"https:\/\/primermomento.com\/index.php?rest_route=%2Fwp%2Fv2%2Fcomments&post=364063"}],"version-history":[{"count":1,"href":"https:\/\/primermomento.com\/index.php?rest_route=\/wp\/v2\/posts\/364063\/revisions"}],"predecessor-version":[{"id":364065,"href":"https:\/\/primermomento.com\/index.php?rest_route=\/wp\/v2\/posts\/364063\/revisions\/364065"}],"wp:attachment":[{"href":"https:\/\/primermomento.com\/index.php?rest_route=%2Fwp%2Fv2%2Fmedia&parent=364063"}],"wp:term":[{"taxonomy":"category","embeddable":true,"href":"https:\/\/primermomento.com\/index.php?rest_route=%2Fwp%2Fv2%2Fcategories&post=364063"},{"taxonomy":"post_tag","embeddable":true,"href":"https:\/\/primermomento.com\/index.php?rest_route=%2Fwp%2Fv2%2Ftags&post=364063"}],"curies":[{"name":"wp","href":"https:\/\/api.w.org\/{rel}","templated":true}]}}