{"id":364322,"date":"2022-06-08T07:54:00","date_gmt":"2022-06-08T11:54:00","guid":{"rendered":"http:\/\/primermomento.com\/?p=364322"},"modified":"2022-06-08T23:47:56","modified_gmt":"2022-06-09T03:47:56","slug":"banl-impusan-incubadora-de-talento-y-banco-de-voces","status":"publish","type":"post","link":"https:\/\/primermomento.com\/?p=364322","title":{"rendered":"BAN\u013a | Impulsan Incubadora de Talento y Banco de Voces"},"content":{"rendered":"\n<p class=\"wp-block-paragraph\">BAN\u013a, Rep\u00fablica Doiminicana.- El Instituto La Gracia de Comunicar S.R.L, desarroll\u00f3 la primera reuni\u00f3n para la realizaci\u00f3n de la Incubadora de Talento y Banco de Voces La Gracia de Comunicar.<\/p>\n\n\n<div class=\"wp-block-image\">\n<figure class=\"alignleft size-full\"><img loading=\"lazy\" decoding=\"async\" width=\"386\" height=\"386\" src=\"http:\/\/primermomento.com\/wp-content\/uploads\/2022\/06\/Instituto-La-Gracia-de-Comunicar.jpg\" alt=\"\" class=\"wp-image-364323\" srcset=\"https:\/\/primermomento.com\/wp-content\/uploads\/2022\/06\/Instituto-La-Gracia-de-Comunicar.jpg 386w, https:\/\/primermomento.com\/wp-content\/uploads\/2022\/06\/Instituto-La-Gracia-de-Comunicar-300x300.jpg 300w, https:\/\/primermomento.com\/wp-content\/uploads\/2022\/06\/Instituto-La-Gracia-de-Comunicar-150x150.jpg 150w, https:\/\/primermomento.com\/wp-content\/uploads\/2022\/06\/Instituto-La-Gracia-de-Comunicar-50x50.jpg 50w, https:\/\/primermomento.com\/wp-content\/uploads\/2022\/06\/Instituto-La-Gracia-de-Comunicar-220x220.jpg 220w, https:\/\/primermomento.com\/wp-content\/uploads\/2022\/06\/Instituto-La-Gracia-de-Comunicar-118x118.jpg 118w, https:\/\/primermomento.com\/wp-content\/uploads\/2022\/06\/Instituto-La-Gracia-de-Comunicar-30x30.jpg 30w\" sizes=\"auto, (max-width: 386px) 100vw, 386px\" \/><\/figure>\n<\/div>\n\n\n<p class=\"wp-block-paragraph\">Este proyecto se fundamenta en la creaci\u00f3n de una comunidad de locutores que brinden servicios profesionales de maestr\u00eda de ceremonias a instituciones p\u00fablicas y privadas, es decir, que sirvan de conductores de eventos. <\/p>\n\n\n\n<p class=\"wp-block-paragraph\">Adem\u00e1s ser\u00e1n parte de un banco de voces para identificar marcas nacionales e internacionales, a trav\u00e9s de la grabaci\u00f3n de comerciales , audiolibros, infocomerciales y doblajes.<\/p>\n\n\n\n<p class=\"wp-block-paragraph\">La Incubadora de Talento y Banco de Voces , se convertir\u00e1 en una excelente plataforma para promover el emprendimiento y el desarrollo de la clase comunicacional de la provincia Peravia y la regi\u00f3n sur del pa\u00eds.<\/p>\n\n\n\n<p class=\"wp-block-paragraph\">Este proyecto es coordinado por la periodista @ciprian_isabel y el locutor @anthonyfrancotvrd , gerente del Instituto La Gracia de Comunicar S.R.L.<\/p>\n","protected":false},"excerpt":{"rendered":"<p>BAN\u013a, Rep\u00fablica Doiminicana.- El Instituto La Gracia de Comunicar S.R.L, desarroll\u00f3 la primera reuni\u00f3n para la realizaci\u00f3n de la Incubadora de Talento y Banco de Voces La Gracia de Comunicar. Este proyecto se fundamenta en la creaci\u00f3n de una comunidad de locutores que brinden servicios profesionales de maestr\u00eda de ceremonias a instituciones p\u00fablicas y privadas, [&hellip;]<\/p>\n","protected":false},"author":1,"featured_media":0,"comment_status":"open","ping_status":"open","sticky":false,"template":"","format":"standard","meta":{"_bbp_topic_count":0,"_bbp_reply_count":0,"_bbp_total_topic_count":0,"_bbp_total_reply_count":0,"_bbp_voice_count":0,"_bbp_anonymous_reply_count":0,"_bbp_topic_count_hidden":0,"_bbp_reply_count_hidden":0,"_bbp_forum_subforum_count":0,"footnotes":""},"categories":[39,60],"tags":[],"class_list":["post-364322","post","type-post","status-publish","format-standard","category-entretenimiento","category-titulares-del-dia"],"_links":{"self":[{"href":"https:\/\/primermomento.com\/index.php?rest_route=\/wp\/v2\/posts\/364322","targetHints":{"allow":["GET"]}}],"collection":[{"href":"https:\/\/primermomento.com\/index.php?rest_route=\/wp\/v2\/posts"}],"about":[{"href":"https:\/\/primermomento.com\/index.php?rest_route=\/wp\/v2\/types\/post"}],"author":[{"embeddable":true,"href":"https:\/\/primermomento.com\/index.php?rest_route=\/wp\/v2\/users\/1"}],"replies":[{"embeddable":true,"href":"https:\/\/primermomento.com\/index.php?rest_route=%2Fwp%2Fv2%2Fcomments&post=364322"}],"version-history":[{"count":4,"href":"https:\/\/primermomento.com\/index.php?rest_route=\/wp\/v2\/posts\/364322\/revisions"}],"predecessor-version":[{"id":364336,"href":"https:\/\/primermomento.com\/index.php?rest_route=\/wp\/v2\/posts\/364322\/revisions\/364336"}],"wp:attachment":[{"href":"https:\/\/primermomento.com\/index.php?rest_route=%2Fwp%2Fv2%2Fmedia&parent=364322"}],"wp:term":[{"taxonomy":"category","embeddable":true,"href":"https:\/\/primermomento.com\/index.php?rest_route=%2Fwp%2Fv2%2Fcategories&post=364322"},{"taxonomy":"post_tag","embeddable":true,"href":"https:\/\/primermomento.com\/index.php?rest_route=%2Fwp%2Fv2%2Ftags&post=364322"}],"curies":[{"name":"wp","href":"https:\/\/api.w.org\/{rel}","templated":true}]}}