{"id":364413,"date":"2022-06-10T05:55:00","date_gmt":"2022-06-10T09:55:00","guid":{"rendered":"http:\/\/primermomento.com\/?p=364413"},"modified":"2022-06-10T09:28:32","modified_gmt":"2022-06-10T13:28:32","slug":"festival-en-nyc-sabor-dominicano-2022-da-a-conocer-agenda-oficial","status":"publish","type":"post","link":"https:\/\/primermomento.com\/?p=364413","title":{"rendered":"Festival en NYC \u201cSabor Dominicano 2022\u201d da a conocer agenda oficial"},"content":{"rendered":"\n<p class=\"wp-block-paragraph\">NUEVA YORK, EEUU.- La direcci\u00f3n ejecutiva del segundo festival \u201cSabor Dominicano 2022\u201d que ser\u00e1 dedicada a la provincia de Santiago de los Caballeros dio a conocer oficialmente la agenda a desarrollar desde el pr\u00f3ximo d\u00eda 20 al 26 de este mes en esta ciudad.<\/p>\n\n\n<div class=\"wp-block-image\">\n<figure class=\"alignleft size-full\"><img loading=\"lazy\" decoding=\"async\" width=\"474\" height=\"425\" src=\"http:\/\/primermomento.com\/wp-content\/uploads\/2022\/06\/z-Festival-en-NYC-Sabor-Dominicano-2022-da-a-conocer-agenda-oficial.jpg\" alt=\"\" class=\"wp-image-364414\" srcset=\"https:\/\/primermomento.com\/wp-content\/uploads\/2022\/06\/z-Festival-en-NYC-Sabor-Dominicano-2022-da-a-conocer-agenda-oficial.jpg 474w, https:\/\/primermomento.com\/wp-content\/uploads\/2022\/06\/z-Festival-en-NYC-Sabor-Dominicano-2022-da-a-conocer-agenda-oficial-300x269.jpg 300w, https:\/\/primermomento.com\/wp-content\/uploads\/2022\/06\/z-Festival-en-NYC-Sabor-Dominicano-2022-da-a-conocer-agenda-oficial-245x220.jpg 245w, https:\/\/primermomento.com\/wp-content\/uploads\/2022\/06\/z-Festival-en-NYC-Sabor-Dominicano-2022-da-a-conocer-agenda-oficial-118x106.jpg 118w\" sizes=\"auto, (max-width: 474px) 100vw, 474px\" \/><\/figure>\n<\/div>\n\n\n<p class=\"wp-block-paragraph\">Elida Almonte, presidenta de dicho festival (Dominican Taste Festival) precis\u00f3 que el lunes 20 se ofrecer\u00e1 un c\u00f3ctel a la prensa y exhibici\u00f3n de la feria en el restaurant \u201cCasa del Mar\u201d, en El Bronx, desde las 6:00 a 9:00 de la noche.<\/p>\n\n\n\n<p class=\"wp-block-paragraph\">Martes 21, \u201cTabaco y Run Taste\u201d, una exhibici\u00f3n de tabacos, ron y licores dominicanos, en el patio del restaurant \u201cCaridad\u201d, ubicado en 135 W. de Kingsbridge Rd, en El Bronx, desde las 4:00 a 8:00 de la noche.<\/p>\n\n\n\n<p class=\"wp-block-paragraph\">Mi\u00e9rcoles 22, \u201cMesa de Negocios (productos y turismo), en el restaurant 809, ubicado en el 112 de la calle Dyckman, en el Alto Manhattan, desde las 2:00 de la tarde a 7:00 de la noche.<\/p>\n\n\n\n<p class=\"wp-block-paragraph\">Viernes 24, un \u201cBrunch Dominican Taste- Encuentro VIP\u201d, en el restaurant \u201cCasa del Mar\u201d, ubicado en el 1779 de la avenida Webster con el Cross Bronx Expressway, en El Bronx, desde las 12:00 del mediod\u00eda a 5:00 de la tarde.<\/p>\n\n\n\n<p class=\"wp-block-paragraph\">S\u00e1bado 25 y domingo 26, \u201cFestival al aire libre\u201d, en el Parque Highbridge, ubicado en la avenida \u00c1msterdam con la calle 175, en el Alto Manhattan.<\/p>\n\n\n\n<p class=\"wp-block-paragraph\">Para mayor informaci\u00f3n escribir a&nbsp;<a href=\"mailto:dominicantastefestival2021@gmail.com\" rel=\"noreferrer noopener\" target=\"_blank\">dominicantastefestival2021@gmail.com<\/a>&nbsp;o llamar al 646-326-6052<\/p>\n\n\n\n<p class=\"wp-block-paragraph\">Este magno evento dentro de la comunidad quisqueyana en la Gran Manzana es apoyado por el Consulado Dominicano de NY; el Consejo de Desarrollo Estrat\u00e9gico Provincial Sur, quienes traer\u00e1n diversos productos agr\u00edcolas; y caf\u00e9 Santo Domingo.<\/p>\n\n\n\n<p class=\"wp-block-paragraph\">Asimismo, por Aeropuerto internacional de B\u00e1varo (AIB), el Consejo de Desarrollo Estrat\u00e9gico de Santiago; Alcald\u00eda de Hig\u00fcey, la Asociaci\u00f3n de Latinas Emprendedoras; INDEX; FIBRASINA; Lino Press; La Soluci\u00f3n Taxes; as\u00ed como la colaboraci\u00f3n de Latinoamericanos Unidos Lulac; Liceyanos NYC; y Asociaci\u00f3n de Chiringueros USA.<\/p>\n\n\n\n<p class=\"has-text-align-right wp-block-paragraph\"><em>Ram\u00f3n Mercedes<\/em><\/p>\n","protected":false},"excerpt":{"rendered":"<p>NUEVA YORK, EEUU.- La direcci\u00f3n ejecutiva del segundo festival \u201cSabor Dominicano 2022\u201d que ser\u00e1 dedicada a la provincia de Santiago de los Caballeros dio a conocer oficialmente la agenda a desarrollar desde el pr\u00f3ximo d\u00eda 20 al 26 de este mes en esta ciudad. Elida Almonte, presidenta de dicho festival (Dominican Taste Festival) precis\u00f3 que [&hellip;]<\/p>\n","protected":false},"author":1,"featured_media":0,"comment_status":"open","ping_status":"open","sticky":false,"template":"","format":"standard","meta":{"_bbp_topic_count":0,"_bbp_reply_count":0,"_bbp_total_topic_count":0,"_bbp_total_reply_count":0,"_bbp_voice_count":0,"_bbp_anonymous_reply_count":0,"_bbp_topic_count_hidden":0,"_bbp_reply_count_hidden":0,"_bbp_forum_subforum_count":0,"footnotes":""},"categories":[39,60],"tags":[],"class_list":["post-364413","post","type-post","status-publish","format-standard","category-entretenimiento","category-titulares-del-dia"],"_links":{"self":[{"href":"https:\/\/primermomento.com\/index.php?rest_route=\/wp\/v2\/posts\/364413","targetHints":{"allow":["GET"]}}],"collection":[{"href":"https:\/\/primermomento.com\/index.php?rest_route=\/wp\/v2\/posts"}],"about":[{"href":"https:\/\/primermomento.com\/index.php?rest_route=\/wp\/v2\/types\/post"}],"author":[{"embeddable":true,"href":"https:\/\/primermomento.com\/index.php?rest_route=\/wp\/v2\/users\/1"}],"replies":[{"embeddable":true,"href":"https:\/\/primermomento.com\/index.php?rest_route=%2Fwp%2Fv2%2Fcomments&post=364413"}],"version-history":[{"count":1,"href":"https:\/\/primermomento.com\/index.php?rest_route=\/wp\/v2\/posts\/364413\/revisions"}],"predecessor-version":[{"id":364415,"href":"https:\/\/primermomento.com\/index.php?rest_route=\/wp\/v2\/posts\/364413\/revisions\/364415"}],"wp:attachment":[{"href":"https:\/\/primermomento.com\/index.php?rest_route=%2Fwp%2Fv2%2Fmedia&parent=364413"}],"wp:term":[{"taxonomy":"category","embeddable":true,"href":"https:\/\/primermomento.com\/index.php?rest_route=%2Fwp%2Fv2%2Fcategories&post=364413"},{"taxonomy":"post_tag","embeddable":true,"href":"https:\/\/primermomento.com\/index.php?rest_route=%2Fwp%2Fv2%2Ftags&post=364413"}],"curies":[{"name":"wp","href":"https:\/\/api.w.org\/{rel}","templated":true}]}}