{"id":364546,"date":"2022-06-12T18:34:00","date_gmt":"2022-06-12T22:34:00","guid":{"rendered":"http:\/\/primermomento.com\/?p=364546"},"modified":"2022-06-12T19:38:12","modified_gmt":"2022-06-12T23:38:12","slug":"musicos-de-puerto-rico-conjugan-talento-en-dia-nacional-de-la-salsa","status":"publish","type":"post","link":"https:\/\/primermomento.com\/?p=364546","title":{"rendered":"M\u00fasicos de Puerto Rico conjugan talento en D\u00eda Nacional de la Salsa"},"content":{"rendered":"\n<p class=\"wp-block-paragraph\">SAN JUAN, Puerto Rico.- Tras dos a\u00f1os en pausa por la Covid-19, la industria musical puertorrique\u00f1a retoma hoy los festejos por el D\u00eda Nacional de la Salsa, con un espect\u00e1culo masivo en el estadio Hiram Bithorn, de esta capital.<\/p>\n\n\n<div class=\"wp-block-image\">\n<figure class=\"aligncenter size-full\"><img loading=\"lazy\" decoding=\"async\" width=\"748\" height=\"498\" src=\"http:\/\/primermomento.com\/wp-content\/uploads\/2022\/06\/Puerto-Rico-Dia-Salsa.jpg\" alt=\"\" class=\"wp-image-364547\" srcset=\"https:\/\/primermomento.com\/wp-content\/uploads\/2022\/06\/Puerto-Rico-Dia-Salsa.jpg 748w, https:\/\/primermomento.com\/wp-content\/uploads\/2022\/06\/Puerto-Rico-Dia-Salsa-300x200.jpg 300w, https:\/\/primermomento.com\/wp-content\/uploads\/2022\/06\/Puerto-Rico-Dia-Salsa-73x50.jpg 73w, https:\/\/primermomento.com\/wp-content\/uploads\/2022\/06\/Puerto-Rico-Dia-Salsa-500x333.jpg 500w, https:\/\/primermomento.com\/wp-content\/uploads\/2022\/06\/Puerto-Rico-Dia-Salsa-280x186.jpg 280w, https:\/\/primermomento.com\/wp-content\/uploads\/2022\/06\/Puerto-Rico-Dia-Salsa-60x40.jpg 60w, https:\/\/primermomento.com\/wp-content\/uploads\/2022\/06\/Puerto-Rico-Dia-Salsa-638x425.jpg 638w, https:\/\/primermomento.com\/wp-content\/uploads\/2022\/06\/Puerto-Rico-Dia-Salsa-118x79.jpg 118w, https:\/\/primermomento.com\/wp-content\/uploads\/2022\/06\/Puerto-Rico-Dia-Salsa-479x319.jpg 479w\" sizes=\"auto, (max-width: 748px) 100vw, 748px\" \/><\/figure>\n<\/div>\n\n\n<p class=\"wp-block-paragraph\">De acuerdo con los organizadores, la 38 edici\u00f3n del evento conjugar\u00e1 el talento de noveles y experimentados exponentes del g\u00e9nero tropical, entre los cuales destaca Luis V\u00e1zquez, el cantante m\u00e1s joven en la historia del evento.<\/p>\n\n\n\n<p class=\"wp-block-paragraph\">Asimismo, sobresalen en el cartel del encuentro, que tendr\u00e1 una duraci\u00f3n aproximada de 10 horas, V\u00edctor Manuelle, Andy Monta\u00f1ez, la Sonora Ponce\u00f1a, el Apollo Sound, Richie Ray y Bobby Cruz, Bobby Valent\u00edn, La Mulenze, Luisito Carri\u00f3n, Michael Stuart y Charlie Cruz.<\/p>\n\n\n\n<p class=\"wp-block-paragraph\">Otro de los atractivos de la jornada recaer\u00e1 en el conjunto de mujeres Son Divas, mientras La Tribu de Abrante, aproximar\u00e1 al g\u00e9nero aut\u00f3ctono de la bomba.<\/p>\n\n\n\n<p class=\"wp-block-paragraph\">Organizado por la emisora de radio local Z93, el espect\u00e1culo romper\u00e1 \u00edndices de audiencia, seg\u00fan vaticina el grupo gestor, que prev\u00e9 una asistencia de 20 mil espectadores, los cuales podr\u00e1n disfrutar del espacio desde las dos tarimas instaladas.<\/p>\n\n\n\n<p class=\"wp-block-paragraph\">Fundado en 1983, el evento rendir\u00e1 tributo, en esta ocasi\u00f3n, al percusionista Roberto Roena, quien integr\u00f3 la orquesta El Apollo Sound y marc\u00f3 la escena de la salsa caribe\u00f1a con su innegable talento.<\/p>\n\n\n\n<p class=\"wp-block-paragraph\">Con este programa de recitales, la industria sonora de la isla celebra un g\u00e9nero estrechamente ligado a su historia y cultura, el cual fusiona los ritmos legados por los africanos y otros nacidos de la mezcla de razas e identidades en el Caribe.<\/p>\n\n\n\n<p class=\"has-text-align-right wp-block-paragraph\"><em>PL<\/em><\/p>\n","protected":false},"excerpt":{"rendered":"<p>SAN JUAN, Puerto Rico.- Tras dos a\u00f1os en pausa por la Covid-19, la industria musical puertorrique\u00f1a retoma hoy los festejos por el D\u00eda Nacional de la Salsa, con un espect\u00e1culo masivo en el estadio Hiram Bithorn, de esta capital. De acuerdo con los organizadores, la 38 edici\u00f3n del evento conjugar\u00e1 el talento de noveles y [&hellip;]<\/p>\n","protected":false},"author":1,"featured_media":0,"comment_status":"open","ping_status":"open","sticky":false,"template":"","format":"standard","meta":{"_bbp_topic_count":0,"_bbp_reply_count":0,"_bbp_total_topic_count":0,"_bbp_total_reply_count":0,"_bbp_voice_count":0,"_bbp_anonymous_reply_count":0,"_bbp_topic_count_hidden":0,"_bbp_reply_count_hidden":0,"_bbp_forum_subforum_count":0,"footnotes":""},"categories":[39,60],"tags":[],"class_list":["post-364546","post","type-post","status-publish","format-standard","category-entretenimiento","category-titulares-del-dia"],"_links":{"self":[{"href":"https:\/\/primermomento.com\/index.php?rest_route=\/wp\/v2\/posts\/364546","targetHints":{"allow":["GET"]}}],"collection":[{"href":"https:\/\/primermomento.com\/index.php?rest_route=\/wp\/v2\/posts"}],"about":[{"href":"https:\/\/primermomento.com\/index.php?rest_route=\/wp\/v2\/types\/post"}],"author":[{"embeddable":true,"href":"https:\/\/primermomento.com\/index.php?rest_route=\/wp\/v2\/users\/1"}],"replies":[{"embeddable":true,"href":"https:\/\/primermomento.com\/index.php?rest_route=%2Fwp%2Fv2%2Fcomments&post=364546"}],"version-history":[{"count":1,"href":"https:\/\/primermomento.com\/index.php?rest_route=\/wp\/v2\/posts\/364546\/revisions"}],"predecessor-version":[{"id":364548,"href":"https:\/\/primermomento.com\/index.php?rest_route=\/wp\/v2\/posts\/364546\/revisions\/364548"}],"wp:attachment":[{"href":"https:\/\/primermomento.com\/index.php?rest_route=%2Fwp%2Fv2%2Fmedia&parent=364546"}],"wp:term":[{"taxonomy":"category","embeddable":true,"href":"https:\/\/primermomento.com\/index.php?rest_route=%2Fwp%2Fv2%2Fcategories&post=364546"},{"taxonomy":"post_tag","embeddable":true,"href":"https:\/\/primermomento.com\/index.php?rest_route=%2Fwp%2Fv2%2Ftags&post=364546"}],"curies":[{"name":"wp","href":"https:\/\/api.w.org\/{rel}","templated":true}]}}