{"id":364788,"date":"2022-06-16T13:58:04","date_gmt":"2022-06-16T17:58:04","guid":{"rendered":"http:\/\/primermomento.com\/?p=364788"},"modified":"2022-06-16T13:58:05","modified_gmt":"2022-06-16T17:58:05","slug":"milly-quezada-pronto-con-nueva-produccion-musical-resistira","status":"publish","type":"post","link":"https:\/\/primermomento.com\/?p=364788","title":{"rendered":"Milly Quezada pronto con nueva producci\u00f3n musical \u201cResistir\u00e1\u201d"},"content":{"rendered":"\n<p class=\"wp-block-paragraph\">NUEVA YORK, EEUU.- La \u201cReyna del merengue\u201d Milly Quezada lanzar\u00e1 al mercado en este verano su nueva producci\u00f3n musical titulada \u201cResistir\u00e1\u201d, la n\u00famero 35 de su carrera.<\/p>\n\n\n<div class=\"wp-block-image\">\n<figure class=\"aligncenter size-full\"><img loading=\"lazy\" decoding=\"async\" width=\"393\" height=\"389\" src=\"http:\/\/primermomento.com\/wp-content\/uploads\/2022\/06\/z-Milly-Quezada-pronto-con-nueva-produccion-musical-Resistira1.jpg\" alt=\"\" class=\"wp-image-364789\" srcset=\"https:\/\/primermomento.com\/wp-content\/uploads\/2022\/06\/z-Milly-Quezada-pronto-con-nueva-produccion-musical-Resistira1.jpg 393w, https:\/\/primermomento.com\/wp-content\/uploads\/2022\/06\/z-Milly-Quezada-pronto-con-nueva-produccion-musical-Resistira1-300x297.jpg 300w, https:\/\/primermomento.com\/wp-content\/uploads\/2022\/06\/z-Milly-Quezada-pronto-con-nueva-produccion-musical-Resistira1-50x50.jpg 50w, https:\/\/primermomento.com\/wp-content\/uploads\/2022\/06\/z-Milly-Quezada-pronto-con-nueva-produccion-musical-Resistira1-222x220.jpg 222w, https:\/\/primermomento.com\/wp-content\/uploads\/2022\/06\/z-Milly-Quezada-pronto-con-nueva-produccion-musical-Resistira1-118x117.jpg 118w, https:\/\/primermomento.com\/wp-content\/uploads\/2022\/06\/z-Milly-Quezada-pronto-con-nueva-produccion-musical-Resistira1-30x30.jpg 30w\" sizes=\"auto, (max-width: 393px) 100vw, 393px\" \/><\/figure>\n<\/div>\n\n\n<p class=\"wp-block-paragraph\">En declaraciones a este reportero en el Alto Manhattan, la <a href=\"https:\/\/www.youtube.com\/watch?v=djbGvLikTZc\">gloria del arte nacional<\/a> revel\u00f3 que la misma consta de siete temas con magn\u00edficos arreglos y producci\u00f3n de Cris Hierro, director de la orquesta de Alejandro Sanz e hijo del merenguero Henry Hierro.<\/p>\n\n\n\n<p class=\"wp-block-paragraph\">Son temas a ritmo de bachatas y merengues, ambos g\u00e9neros musicales reconocidos por la UNESCO como patrimonio cultural e inmaterial de la humanidad.<\/p>\n\n\n\n<p class=\"wp-block-paragraph\">\u201cResistir\u00e1\u201d est\u00e1 disponible en todas las plataformas digitales.<\/p>\n\n\n\n<p class=\"wp-block-paragraph\">Milly dijo que ha vivido toda la vida en Estados Unidos, y junto a sus hermanos fund\u00f3 la orquesta \u201cMilly, Joselyn y los Vecinos\u201d, en el Alto Manhattan,<\/p>\n\n\n\n<p class=\"wp-block-paragraph\">\u201cNY ha sido el marco referente de todo lo que hemos sido los primeros 20 a\u00f1os, en la d\u00e9cada de los 80\u201d, precis\u00f3.<\/p>\n\n\n\n<p class=\"wp-block-paragraph\">A\u00f1adi\u00f3 que ahora como solista est\u00e1 cosechando los frutos de haber sembrado una carrera musical con temas como \u201cLa Guacherna\u201d, \u201cLleg\u00f3 Juanita\u201d, \u201cAmanecemos Parrandeando\u201d, entre otros; adem\u00e1s de sentirse feliz de poder representar los dominicanos en NY.<\/p>\n\n\n\n<p class=\"wp-block-paragraph\">Dijo que actualmente reside en el estado de Nueva Jersey, pero que se desplaza por todo el mundo, a cumplir compromisos a lugares tan lejanos como Jap\u00f3n y tan cercano como RD y Puerto Rico, Miami, Panam\u00e1.<\/p>\n\n\n\n<p class=\"wp-block-paragraph\">Asegur\u00f3 que, a pesar de haber salido de Los Vecinos, como solista se mantiene trabajando de manera constante, llevando todo su repertorio musical que la identifica.<\/p>\n\n\n\n<p class=\"wp-block-paragraph\">Para contrataci\u00f3n est\u00e1 su representante en RD, Pedro N\u00fa\u00f1ez del Risco (809-548-7197) y la Road Manager, Josefina Frometa, (809-707-2888).<\/p>\n\n\n\n<p class=\"wp-block-paragraph\">En Puerto Rico lo es N\u00e9lida Acevedo (787-466-5511) y en NY el DJ Henry Ovalle (646-228-8987).<\/p>\n\n\n\n<p class=\"has-text-align-right wp-block-paragraph\"><em>Ram\u00f3n Mercedes<\/em><\/p>\n","protected":false},"excerpt":{"rendered":"<p>NUEVA YORK, EEUU.- La \u201cReyna del merengue\u201d Milly Quezada lanzar\u00e1 al mercado en este verano su nueva producci\u00f3n musical titulada \u201cResistir\u00e1\u201d, la n\u00famero 35 de su carrera. En declaraciones a este reportero en el Alto Manhattan, la gloria del arte nacional revel\u00f3 que la misma consta de siete temas con magn\u00edficos arreglos y producci\u00f3n de [&hellip;]<\/p>\n","protected":false},"author":1,"featured_media":0,"comment_status":"open","ping_status":"open","sticky":false,"template":"","format":"standard","meta":{"_bbp_topic_count":0,"_bbp_reply_count":0,"_bbp_total_topic_count":0,"_bbp_total_reply_count":0,"_bbp_voice_count":0,"_bbp_anonymous_reply_count":0,"_bbp_topic_count_hidden":0,"_bbp_reply_count_hidden":0,"_bbp_forum_subforum_count":0,"footnotes":""},"categories":[39,60],"tags":[],"class_list":["post-364788","post","type-post","status-publish","format-standard","category-entretenimiento","category-titulares-del-dia"],"_links":{"self":[{"href":"https:\/\/primermomento.com\/index.php?rest_route=\/wp\/v2\/posts\/364788","targetHints":{"allow":["GET"]}}],"collection":[{"href":"https:\/\/primermomento.com\/index.php?rest_route=\/wp\/v2\/posts"}],"about":[{"href":"https:\/\/primermomento.com\/index.php?rest_route=\/wp\/v2\/types\/post"}],"author":[{"embeddable":true,"href":"https:\/\/primermomento.com\/index.php?rest_route=\/wp\/v2\/users\/1"}],"replies":[{"embeddable":true,"href":"https:\/\/primermomento.com\/index.php?rest_route=%2Fwp%2Fv2%2Fcomments&post=364788"}],"version-history":[{"count":1,"href":"https:\/\/primermomento.com\/index.php?rest_route=\/wp\/v2\/posts\/364788\/revisions"}],"predecessor-version":[{"id":364790,"href":"https:\/\/primermomento.com\/index.php?rest_route=\/wp\/v2\/posts\/364788\/revisions\/364790"}],"wp:attachment":[{"href":"https:\/\/primermomento.com\/index.php?rest_route=%2Fwp%2Fv2%2Fmedia&parent=364788"}],"wp:term":[{"taxonomy":"category","embeddable":true,"href":"https:\/\/primermomento.com\/index.php?rest_route=%2Fwp%2Fv2%2Fcategories&post=364788"},{"taxonomy":"post_tag","embeddable":true,"href":"https:\/\/primermomento.com\/index.php?rest_route=%2Fwp%2Fv2%2Ftags&post=364788"}],"curies":[{"name":"wp","href":"https:\/\/api.w.org\/{rel}","templated":true}]}}