{"id":365025,"date":"2022-06-20T08:31:00","date_gmt":"2022-06-20T12:31:00","guid":{"rendered":"http:\/\/primermomento.com\/?p=365025"},"modified":"2022-06-20T19:21:35","modified_gmt":"2022-06-20T23:21:35","slug":"celebran-con-entusiasmo-festival-dominicano-en-condado-de-queens-ny","status":"publish","type":"post","link":"https:\/\/primermomento.com\/?p=365025","title":{"rendered":"Celebr\u00e1n con entusiasmo festival dominicano en Queens, NY"},"content":{"rendered":"\n<p class=\"wp-block-paragraph\">NUEVA YORK, EEUU.- Con gran entusiasmo se realiz\u00f3 este domingo el Desfile Dominicano de Queens , donde se puso de manifiesto el orgullo patrio a ritmo de la m\u00fasica y el folklore aut\u00f3ctono de la Rep\u00fablica Dominicana<\/p>\n\n\n<div class=\"wp-block-image\">\n<figure class=\"aligncenter size-full\"><img loading=\"lazy\" decoding=\"async\" width=\"384\" height=\"338\" src=\"http:\/\/primermomento.com\/wp-content\/uploads\/2022\/06\/festival-dominicano-ny1.jpg\" alt=\"\" class=\"wp-image-365026\" srcset=\"https:\/\/primermomento.com\/wp-content\/uploads\/2022\/06\/festival-dominicano-ny1.jpg 384w, https:\/\/primermomento.com\/wp-content\/uploads\/2022\/06\/festival-dominicano-ny1-300x264.jpg 300w, https:\/\/primermomento.com\/wp-content\/uploads\/2022\/06\/festival-dominicano-ny1-250x220.jpg 250w, https:\/\/primermomento.com\/wp-content\/uploads\/2022\/06\/festival-dominicano-ny1-118x104.jpg 118w\" sizes=\"auto, (max-width: 384px) 100vw, 384px\" \/><\/figure>\n<\/div>\n\n\n<p class=\"wp-block-paragraph\">El desfile que se inici\u00f3 en la calle 69 y la Avenida 37 , fue encabezado por el C\u00f3nsul Eligio Jaquez en representaci\u00f3n del gobierno dominicano, junto a otras reconocidas personalidades de la comunidad criolla establecida en el condado de Queens.<\/p>\n\n\n\n<p class=\"wp-block-paragraph\">Los quisqueyanos que participaron en el desfile externaron sus tradiciones culturales ,folkl\u00f3ricas ,religiosas y deportivas, al desplazarse decenas de grupos a lo largo y ancho de la avenida 37.<\/p>\n\n\n\n<p class=\"wp-block-paragraph\">El representante consular al momento de hacer uso de la palabra, destac\u00f3 la expresi\u00f3n de la cultura y la m\u00fasica dominicanas simbolizadas por la participaci\u00f3n de agrupaciones folkl\u00f3ricas ,deportivas y de servicio comunitario que representaron la comunidad quisqueyana de Queens y otros sectores de Nueva York.<\/p>\n\n\n\n<p class=\"wp-block-paragraph\">\u201cEsta es una muestra m\u00e1s de los aportes que hacemos cada d\u00eda los dominicanos para el desarrollo de nuestra patria y al mismo tiempo a la naci\u00f3n que nos ha acogido\u201d, expres\u00f3 el C\u00f3nsul dominicano.<\/p>\n\n\n\n<p class=\"wp-block-paragraph\">Jaquez felicit\u00f3 a todos los dominicanos que participaron en el desfile , que se inici\u00f3 a las 12 del mediod\u00eda, por dar muestra de que somos una comunidad disciplinada al asistir a dicho evento en forma ordenada a disfrutar de lo que es nuestra cultura.<\/p>\n\n\n\n<p class=\"wp-block-paragraph\">Precis\u00f3 que el presidente Luis Abiander apoya todo lo que significa avance de sus connacionales tanto dentro como fuera de la patria por lo que estar\u00e1n participando en las diferentes actividades en representaci\u00f3n del gobierno.<\/p>\n\n\n\n<p class=\"wp-block-paragraph\">Junto al C\u00f3nsul participaron vicec\u00f3nsules, directores departamentales y auxiliares consulares, entre los que se encontraban Amado Peralta, presidente de la Parada Dominicana dio las gracias a los participantes y a todos los que han apoyado dicho evento, donde participaron decenas de organizaciones culturales, deportivas , artistas, pol\u00edticos, empresarios y activistas comunitarios<\/p>\n","protected":false},"excerpt":{"rendered":"<p>NUEVA YORK, EEUU.- Con gran entusiasmo se realiz\u00f3 este domingo el Desfile Dominicano de Queens , donde se puso de manifiesto el orgullo patrio a ritmo de la m\u00fasica y el folklore aut\u00f3ctono de la Rep\u00fablica Dominicana El desfile que se inici\u00f3 en la calle 69 y la Avenida 37 , fue encabezado por el [&hellip;]<\/p>\n","protected":false},"author":1,"featured_media":0,"comment_status":"open","ping_status":"open","sticky":false,"template":"","format":"standard","meta":{"_bbp_topic_count":0,"_bbp_reply_count":0,"_bbp_total_topic_count":0,"_bbp_total_reply_count":0,"_bbp_voice_count":0,"_bbp_anonymous_reply_count":0,"_bbp_topic_count_hidden":0,"_bbp_reply_count_hidden":0,"_bbp_forum_subforum_count":0,"footnotes":""},"categories":[39,60],"tags":[],"class_list":["post-365025","post","type-post","status-publish","format-standard","category-entretenimiento","category-titulares-del-dia"],"_links":{"self":[{"href":"https:\/\/primermomento.com\/index.php?rest_route=\/wp\/v2\/posts\/365025","targetHints":{"allow":["GET"]}}],"collection":[{"href":"https:\/\/primermomento.com\/index.php?rest_route=\/wp\/v2\/posts"}],"about":[{"href":"https:\/\/primermomento.com\/index.php?rest_route=\/wp\/v2\/types\/post"}],"author":[{"embeddable":true,"href":"https:\/\/primermomento.com\/index.php?rest_route=\/wp\/v2\/users\/1"}],"replies":[{"embeddable":true,"href":"https:\/\/primermomento.com\/index.php?rest_route=%2Fwp%2Fv2%2Fcomments&post=365025"}],"version-history":[{"count":2,"href":"https:\/\/primermomento.com\/index.php?rest_route=\/wp\/v2\/posts\/365025\/revisions"}],"predecessor-version":[{"id":365029,"href":"https:\/\/primermomento.com\/index.php?rest_route=\/wp\/v2\/posts\/365025\/revisions\/365029"}],"wp:attachment":[{"href":"https:\/\/primermomento.com\/index.php?rest_route=%2Fwp%2Fv2%2Fmedia&parent=365025"}],"wp:term":[{"taxonomy":"category","embeddable":true,"href":"https:\/\/primermomento.com\/index.php?rest_route=%2Fwp%2Fv2%2Fcategories&post=365025"},{"taxonomy":"post_tag","embeddable":true,"href":"https:\/\/primermomento.com\/index.php?rest_route=%2Fwp%2Fv2%2Ftags&post=365025"}],"curies":[{"name":"wp","href":"https:\/\/api.w.org\/{rel}","templated":true}]}}