{"id":365334,"date":"2022-06-27T13:53:47","date_gmt":"2022-06-27T17:53:47","guid":{"rendered":"http:\/\/primermomento.com\/?p=365334"},"modified":"2022-06-27T14:03:14","modified_gmt":"2022-06-27T18:03:14","slug":"concluye-exitosamente-semana-gastronomica-en-el-alto-manhattan","status":"publish","type":"post","link":"https:\/\/primermomento.com\/?p=365334","title":{"rendered":"Concluye exitosamente \u201cSemana Gastron\u00f3mica\u201d en el Alto Manhattan"},"content":{"rendered":"\n<p class=\"wp-block-paragraph\">NUEVA YORK, EEUU.- Con la asistencia de miles de dominicanos que pudieron presenciar, comprar y saborear cientos de productos dominicanos, concluy\u00f3 este domingo en el Alto Manhattan la segunda semana gastron\u00f3mica <a href=\"https:\/\/www.youtube.com\/embed\/wWSZTlUDwYY\">\u201cSabor Dominicano 2022\u201d<\/a>.<\/p>\n\n\n<div class=\"wp-block-image\">\n<figure class=\"aligncenter size-full\"><img loading=\"lazy\" decoding=\"async\" width=\"494\" height=\"236\" src=\"http:\/\/primermomento.com\/wp-content\/uploads\/2022\/06\/z-Concluye-exitosamente-Semana-Gastronomica-en-el-Alto-Manhattan.jpg\" alt=\"\" class=\"wp-image-365335\" srcset=\"https:\/\/primermomento.com\/wp-content\/uploads\/2022\/06\/z-Concluye-exitosamente-Semana-Gastronomica-en-el-Alto-Manhattan.jpg 494w, https:\/\/primermomento.com\/wp-content\/uploads\/2022\/06\/z-Concluye-exitosamente-Semana-Gastronomica-en-el-Alto-Manhattan-300x143.jpg 300w, https:\/\/primermomento.com\/wp-content\/uploads\/2022\/06\/z-Concluye-exitosamente-Semana-Gastronomica-en-el-Alto-Manhattan-280x134.jpg 280w, https:\/\/primermomento.com\/wp-content\/uploads\/2022\/06\/z-Concluye-exitosamente-Semana-Gastronomica-en-el-Alto-Manhattan-118x56.jpg 118w, https:\/\/primermomento.com\/wp-content\/uploads\/2022\/06\/z-Concluye-exitosamente-Semana-Gastronomica-en-el-Alto-Manhattan-479x229.jpg 479w\" sizes=\"auto, (max-width: 494px) 100vw, 494px\" \/><\/figure>\n<\/div>\n\n\n<p class=\"wp-block-paragraph\">El evento estuvo dedicado a Santiago de los Caballeros, provincia representada por Santiago Gonz\u00e1lez y Alina Nicasio, ejecutivos del Aeropuerto Internacional del Cibao&nbsp;en esa ciudad.<\/p>\n\n\n\n<p class=\"wp-block-paragraph\">Por su parte, la presidenta de la C\u00e1mara Dominico Americana USA, Elida Almonte, que viene promoviendo y realizando el evento anualmente, expres\u00f3 \u201chan sido dos d\u00edas donde muchos dominicanos se han dado cita en el parque Highbridge (Avenida \u00c1msterdam con la calle 172) y cientos de productos dominicanos encontraron un espacio para ser consumidos en este Festival\u00bb.<\/p>\n\n\n\n<p class=\"wp-block-paragraph\">\u00abAsimismo, los chefs dominicanos han dado a probar el rico saz\u00f3n de la comida quisqueya, y el a\u00f1o que viene lo haremos mucho m\u00e1s grande porque este 2022 ha sido concurrido por miles de dominicanos\u00bb, precis\u00f3 Almonte.<\/p>\n\n\n\n<p class=\"wp-block-paragraph\">Asistieron empresarios, pol\u00edticos, oficiales electos, periodistas, profesionales, comerciantes, comunitarios, deportistas, artistas, ciudadanos comunes y varias orquestas que amenizaron la actividad durante dos d\u00edas.<\/p>\n\n\n\n<p class=\"wp-block-paragraph\">Entre los que hablaron, adem\u00e1s de Almonte, figuran el congresista Adriano Espaillat, los representantes de Santiago (Gonz\u00e1lez y Nicasio); empresarios Yomare Polanco y Cirilo Moronta, seleccionados como rey y embajador del evento, respectivamente,&nbsp;&nbsp;los pol\u00edticos George Alvares y Luis Tejada, Gray Fern\u00e1ndez, y V\u00edctor Dumet, director comunitario del Aeropuerto Internacional de B\u00e1varo (AIB).<\/p>\n\n\n\n<p class=\"wp-block-paragraph\">Adem\u00e1s, Carlos de la Mota, director general del Instituto de Dominicanos(as) en el Exterior (INDEX); Carlos Dom\u00ednguez, vicec\u00f3nsul, en representaci\u00f3n del c\u00f3nsul, Eligio J\u00e1quez; Luis Bonilla, en representaci\u00f3n de la provincia de San Juan de la Maguana; Francisco Marte, presidente de la Asociaci\u00f3n de Bodegas y Peque\u00f1os Negocios de NYC (BSBG), entre otros.<\/p>\n\n\n\n<p class=\"wp-block-paragraph\">Un video recoge declaraciones de otros participantes en la actividad.<\/p>\n\n\n\n<p class=\"wp-block-paragraph\">La semana gastron\u00f3mica abarc\u00f3 desde el pasado lunes 20 las siguientes actividades: un c\u00f3ctel a la prensa y exhibici\u00f3n de la feria en un restaurant en El Bronx.<\/p>\n\n\n\n<p class=\"wp-block-paragraph\">El martes 21 una exhibici\u00f3n de tabacos, ron y licores dominicanos, en un restaurant en El Bronx. Mi\u00e9rcoles 22, Mesa de Negocios (productos y turismo), en el restaurant 809, en el Alto Manhattan.<\/p>\n\n\n\n<p class=\"wp-block-paragraph\">Viernes 24 un \u201cBrunch Dominican Taste- Encuentro VIP\u201d, en un restaurant en El Bronx, para culminar este 25 y 26 en el mencionado parque.<\/p>\n\n\n\n<p class=\"has-text-align-right wp-block-paragraph\"><em>Ram\u00f3n Mercedes<\/em><\/p>\n","protected":false},"excerpt":{"rendered":"<p>NUEVA YORK, EEUU.- Con la asistencia de miles de dominicanos que pudieron presenciar, comprar y saborear cientos de productos dominicanos, concluy\u00f3 este domingo en el Alto Manhattan la segunda semana gastron\u00f3mica \u201cSabor Dominicano 2022\u201d. El evento estuvo dedicado a Santiago de los Caballeros, provincia representada por Santiago Gonz\u00e1lez y Alina Nicasio, ejecutivos del Aeropuerto Internacional [&hellip;]<\/p>\n","protected":false},"author":1,"featured_media":0,"comment_status":"open","ping_status":"open","sticky":false,"template":"","format":"standard","meta":{"_bbp_topic_count":0,"_bbp_reply_count":0,"_bbp_total_topic_count":0,"_bbp_total_reply_count":0,"_bbp_voice_count":0,"_bbp_anonymous_reply_count":0,"_bbp_topic_count_hidden":0,"_bbp_reply_count_hidden":0,"_bbp_forum_subforum_count":0,"footnotes":""},"categories":[39,60],"tags":[],"class_list":["post-365334","post","type-post","status-publish","format-standard","category-entretenimiento","category-titulares-del-dia"],"_links":{"self":[{"href":"https:\/\/primermomento.com\/index.php?rest_route=\/wp\/v2\/posts\/365334","targetHints":{"allow":["GET"]}}],"collection":[{"href":"https:\/\/primermomento.com\/index.php?rest_route=\/wp\/v2\/posts"}],"about":[{"href":"https:\/\/primermomento.com\/index.php?rest_route=\/wp\/v2\/types\/post"}],"author":[{"embeddable":true,"href":"https:\/\/primermomento.com\/index.php?rest_route=\/wp\/v2\/users\/1"}],"replies":[{"embeddable":true,"href":"https:\/\/primermomento.com\/index.php?rest_route=%2Fwp%2Fv2%2Fcomments&post=365334"}],"version-history":[{"count":2,"href":"https:\/\/primermomento.com\/index.php?rest_route=\/wp\/v2\/posts\/365334\/revisions"}],"predecessor-version":[{"id":365347,"href":"https:\/\/primermomento.com\/index.php?rest_route=\/wp\/v2\/posts\/365334\/revisions\/365347"}],"wp:attachment":[{"href":"https:\/\/primermomento.com\/index.php?rest_route=%2Fwp%2Fv2%2Fmedia&parent=365334"}],"wp:term":[{"taxonomy":"category","embeddable":true,"href":"https:\/\/primermomento.com\/index.php?rest_route=%2Fwp%2Fv2%2Fcategories&post=365334"},{"taxonomy":"post_tag","embeddable":true,"href":"https:\/\/primermomento.com\/index.php?rest_route=%2Fwp%2Fv2%2Ftags&post=365334"}],"curies":[{"name":"wp","href":"https:\/\/api.w.org\/{rel}","templated":true}]}}