{"id":365422,"date":"2022-06-28T05:00:00","date_gmt":"2022-06-28T09:00:00","guid":{"rendered":"http:\/\/primermomento.com\/?p=365422"},"modified":"2022-06-28T08:32:14","modified_gmt":"2022-06-28T12:32:14","slug":"rey-de-la-semana-gastronomica-en-ny-destaca-su-crecimiento","status":"publish","type":"post","link":"https:\/\/primermomento.com\/?p=365422","title":{"rendered":"Rey de la semana gastron\u00f3mica en NY destaca su crecimiento"},"content":{"rendered":"\n<p class=\"wp-block-paragraph\">NUEVA YORK, EEUU.- El rey de la semana gastron\u00f3mica que concluyera el pasado domingo en esta ciudad, doctor Yomare Polanco, destac\u00f3 el crecimiento del evento debido a la calidad de los productos dominicanos exhibidos y por la organizaci\u00f3n de los directivos de la C\u00e1mara Dominico Americana USA, que dirige Elida Almonte, auspiciadora de la actividad.<\/p>\n\n\n<div class=\"wp-block-image\">\n<figure class=\"aligncenter size-full\"><img loading=\"lazy\" decoding=\"async\" width=\"736\" height=\"480\" src=\"http:\/\/primermomento.com\/wp-content\/uploads\/2022\/06\/z-Rey-de-la-semana-gastronomica-en-NY-destaca-su-crecimiento.jpg\" alt=\"\" class=\"wp-image-365423\" srcset=\"https:\/\/primermomento.com\/wp-content\/uploads\/2022\/06\/z-Rey-de-la-semana-gastronomica-en-NY-destaca-su-crecimiento.jpg 736w, https:\/\/primermomento.com\/wp-content\/uploads\/2022\/06\/z-Rey-de-la-semana-gastronomica-en-NY-destaca-su-crecimiento-300x196.jpg 300w, https:\/\/primermomento.com\/wp-content\/uploads\/2022\/06\/z-Rey-de-la-semana-gastronomica-en-NY-destaca-su-crecimiento-500x326.jpg 500w, https:\/\/primermomento.com\/wp-content\/uploads\/2022\/06\/z-Rey-de-la-semana-gastronomica-en-NY-destaca-su-crecimiento-280x183.jpg 280w, https:\/\/primermomento.com\/wp-content\/uploads\/2022\/06\/z-Rey-de-la-semana-gastronomica-en-NY-destaca-su-crecimiento-60x40.jpg 60w, https:\/\/primermomento.com\/wp-content\/uploads\/2022\/06\/z-Rey-de-la-semana-gastronomica-en-NY-destaca-su-crecimiento-638x416.jpg 638w, https:\/\/primermomento.com\/wp-content\/uploads\/2022\/06\/z-Rey-de-la-semana-gastronomica-en-NY-destaca-su-crecimiento-118x77.jpg 118w, https:\/\/primermomento.com\/wp-content\/uploads\/2022\/06\/z-Rey-de-la-semana-gastronomica-en-NY-destaca-su-crecimiento-479x312.jpg 479w, https:\/\/primermomento.com\/wp-content\/uploads\/2022\/06\/z-Rey-de-la-semana-gastronomica-en-NY-destaca-su-crecimiento-153x100.jpg 153w\" sizes=\"auto, (max-width: 736px) 100vw, 736px\" \/><\/figure>\n<\/div>\n\n\n<p class=\"wp-block-paragraph\">Es un evento diferente a los dem\u00e1s, que trae la gastronom\u00eda desde Rep\u00fablica Dominicana para el mundo, con sus diferentes productos, asistiendo miles de dominicanos para decir \u201cnuestro pa\u00eds tiene la mejor comida, m\u00fasica, tabaco y ron\u00bb.<\/p>\n\n\n\n<p class=\"wp-block-paragraph\">\u00abEste a\u00f1o m\u00e1s que nunca, en su segundo aniversario, vemos como ha crecido; hay m\u00e1s quioscos, m\u00e1s gente, mayor algarab\u00eda, y no solo en NY, tambi\u00e9n en Estados Unidos est\u00e1n atentos de lo que est\u00e1 sucediendo aqu\u00ed\u00bb, sostuvo el rey de la Feria.<\/p>\n\n\n\n<p class=\"wp-block-paragraph\">Los quisqueyanos, tanto profesionales, empresarios, oficiales electos, comunitarios, periodistas, artistas, comerciantes y ciudadanos comunes de los diferentes condados de la ciudad, y algunos estados aleda\u00f1os, respaldaron con mucho entusiasmo el evento durante una semana.<\/p>\n\n\n\n<p class=\"wp-block-paragraph\">El doctor Polanco precis\u00f3 que cada actividad que celebr\u00f3 el \u201cDominican Taste Festival\u201d fue a casa llena, citando el c\u00f3ctel a la prensa y exhibici\u00f3n de la feria; \u201cTabaco y Run Taste\u201d, una exhibici\u00f3n de tabacos, ron y licores dominicanos; \u201cMesa de Negocios (productos y turismo), y el \u201cBrunch Dominican Taste- Encuentro VIP\u201d, adem\u00e1s de la Cena-Gala en Down Town Manhattan.<\/p>\n\n\n\n<p class=\"wp-block-paragraph\">Valor\u00f3 que el evento fuera dedicado a la provincia de Santiago de los Caballeros, ciudad representada por Santiago Gonz\u00e1lez y Alina Nicasio, ejecutivos del Aeropuerto Internacional del Cibao en esa ciudad.<\/p>\n\n\n\n<p class=\"wp-block-paragraph\">El empresario se comprometi\u00f3 a trabajar m\u00e1s en la celebraci\u00f3n del pr\u00f3ximo aniversario, \u00abporque respaldar eventos de esta naturaleza es respaldar la \u201cdominicanidad en playas extranjeras\u201d, indic\u00f3.<\/p>\n\n\n\n<p class=\"has-text-align-right wp-block-paragraph\"><em>Ram\u00f3n Mercedes<\/em><\/p>\n","protected":false},"excerpt":{"rendered":"<p>NUEVA YORK, EEUU.- El rey de la semana gastron\u00f3mica que concluyera el pasado domingo en esta ciudad, doctor Yomare Polanco, destac\u00f3 el crecimiento del evento debido a la calidad de los productos dominicanos exhibidos y por la organizaci\u00f3n de los directivos de la C\u00e1mara Dominico Americana USA, que dirige Elida Almonte, auspiciadora de la actividad. [&hellip;]<\/p>\n","protected":false},"author":1,"featured_media":0,"comment_status":"open","ping_status":"open","sticky":false,"template":"","format":"standard","meta":{"_bbp_topic_count":0,"_bbp_reply_count":0,"_bbp_total_topic_count":0,"_bbp_total_reply_count":0,"_bbp_voice_count":0,"_bbp_anonymous_reply_count":0,"_bbp_topic_count_hidden":0,"_bbp_reply_count_hidden":0,"_bbp_forum_subforum_count":0,"footnotes":""},"categories":[39,60],"tags":[],"class_list":["post-365422","post","type-post","status-publish","format-standard","category-entretenimiento","category-titulares-del-dia"],"_links":{"self":[{"href":"https:\/\/primermomento.com\/index.php?rest_route=\/wp\/v2\/posts\/365422","targetHints":{"allow":["GET"]}}],"collection":[{"href":"https:\/\/primermomento.com\/index.php?rest_route=\/wp\/v2\/posts"}],"about":[{"href":"https:\/\/primermomento.com\/index.php?rest_route=\/wp\/v2\/types\/post"}],"author":[{"embeddable":true,"href":"https:\/\/primermomento.com\/index.php?rest_route=\/wp\/v2\/users\/1"}],"replies":[{"embeddable":true,"href":"https:\/\/primermomento.com\/index.php?rest_route=%2Fwp%2Fv2%2Fcomments&post=365422"}],"version-history":[{"count":1,"href":"https:\/\/primermomento.com\/index.php?rest_route=\/wp\/v2\/posts\/365422\/revisions"}],"predecessor-version":[{"id":365424,"href":"https:\/\/primermomento.com\/index.php?rest_route=\/wp\/v2\/posts\/365422\/revisions\/365424"}],"wp:attachment":[{"href":"https:\/\/primermomento.com\/index.php?rest_route=%2Fwp%2Fv2%2Fmedia&parent=365422"}],"wp:term":[{"taxonomy":"category","embeddable":true,"href":"https:\/\/primermomento.com\/index.php?rest_route=%2Fwp%2Fv2%2Fcategories&post=365422"},{"taxonomy":"post_tag","embeddable":true,"href":"https:\/\/primermomento.com\/index.php?rest_route=%2Fwp%2Fv2%2Ftags&post=365422"}],"curies":[{"name":"wp","href":"https:\/\/api.w.org\/{rel}","templated":true}]}}