{"id":365587,"date":"2022-07-01T07:45:00","date_gmt":"2022-07-01T11:45:00","guid":{"rendered":"http:\/\/primermomento.com\/?p=365587"},"modified":"2022-07-01T08:06:34","modified_gmt":"2022-07-01T12:06:34","slug":"estreno-mundial-del-tema-mi-banquerita-del-dominicano-luichy-vargas","status":"publish","type":"post","link":"https:\/\/primermomento.com\/?p=365587","title":{"rendered":"Estreno mundial del tema \u201cMi Banquerita\u201d del dominicano Luichy Vargas"},"content":{"rendered":"\n<p class=\"wp-block-paragraph\">NUEVA YORK, EEUU.- Este viernes primero de julio es el estreno mundial del tema \u201cMi Banquerita\u201d del veterano cantautor santiaguero Luichy Vargas.<\/p>\n\n\n<div class=\"wp-block-image\">\n<figure class=\"aligncenter size-full\"><img loading=\"lazy\" decoding=\"async\" width=\"492\" height=\"354\" src=\"http:\/\/primermomento.com\/wp-content\/uploads\/2022\/07\/z-Estreno-mundial-este-viernes-del-tema-Mi-Banquerita-del-dominicano-Luichy-Vargas.jpg\" alt=\"\" class=\"wp-image-365588\" srcset=\"https:\/\/primermomento.com\/wp-content\/uploads\/2022\/07\/z-Estreno-mundial-este-viernes-del-tema-Mi-Banquerita-del-dominicano-Luichy-Vargas.jpg 492w, https:\/\/primermomento.com\/wp-content\/uploads\/2022\/07\/z-Estreno-mundial-este-viernes-del-tema-Mi-Banquerita-del-dominicano-Luichy-Vargas-300x216.jpg 300w, https:\/\/primermomento.com\/wp-content\/uploads\/2022\/07\/z-Estreno-mundial-este-viernes-del-tema-Mi-Banquerita-del-dominicano-Luichy-Vargas-280x201.jpg 280w, https:\/\/primermomento.com\/wp-content\/uploads\/2022\/07\/z-Estreno-mundial-este-viernes-del-tema-Mi-Banquerita-del-dominicano-Luichy-Vargas-118x85.jpg 118w, https:\/\/primermomento.com\/wp-content\/uploads\/2022\/07\/z-Estreno-mundial-este-viernes-del-tema-Mi-Banquerita-del-dominicano-Luichy-Vargas-479x345.jpg 479w\" sizes=\"auto, (max-width: 492px) 100vw, 492px\" \/><\/figure>\n<\/div>\n\n\n<p class=\"wp-block-paragraph\">El estreno tambi\u00e9n incluye el lanzamiento del video clip grabado en diferentes lugares de la Rep\u00fablica Dominicana bajo la producci\u00f3n de Pachuco Show.<\/p>\n\n\n\n<p class=\"wp-block-paragraph\">Con arreglos del destacado productor musical F\u00e9lix Rodr\u00edguez, \u201cMi Banquerita\u201d es un tema de contenido social a ritmo de bachata.<\/p>\n\n\n\n<p class=\"wp-block-paragraph\">Toca las vicisitudes que pasan muchas de las j\u00f3venes empleadas de las bancas de apuestas de loter\u00edas, quienes muchas veces tienen que campear las pretensiones deshonestas de los potenciales jugadores para poder producir el sustento propio de su familia.<\/p>\n\n\n\n<p class=\"wp-block-paragraph\">El lanzamiento se har\u00e1 desde esta urbe y tema estar\u00e1 disponible en todas las plataformas digitales, tales como Spotify, youtube, Instagram, y facebook, entre otras.<\/p>\n\n\n\n<p class=\"has-text-align-right wp-block-paragraph\"><em>Ram\u00f3n Mercedes<\/em><\/p>\n","protected":false},"excerpt":{"rendered":"<p>NUEVA YORK, EEUU.- Este viernes primero de julio es el estreno mundial del tema \u201cMi Banquerita\u201d del veterano cantautor santiaguero Luichy Vargas. El estreno tambi\u00e9n incluye el lanzamiento del video clip grabado en diferentes lugares de la Rep\u00fablica Dominicana bajo la producci\u00f3n de Pachuco Show. Con arreglos del destacado productor musical F\u00e9lix Rodr\u00edguez, \u201cMi Banquerita\u201d [&hellip;]<\/p>\n","protected":false},"author":1,"featured_media":0,"comment_status":"open","ping_status":"open","sticky":false,"template":"","format":"standard","meta":{"_bbp_topic_count":0,"_bbp_reply_count":0,"_bbp_total_topic_count":0,"_bbp_total_reply_count":0,"_bbp_voice_count":0,"_bbp_anonymous_reply_count":0,"_bbp_topic_count_hidden":0,"_bbp_reply_count_hidden":0,"_bbp_forum_subforum_count":0,"footnotes":""},"categories":[39,60],"tags":[],"class_list":["post-365587","post","type-post","status-publish","format-standard","category-entretenimiento","category-titulares-del-dia"],"_links":{"self":[{"href":"https:\/\/primermomento.com\/index.php?rest_route=\/wp\/v2\/posts\/365587","targetHints":{"allow":["GET"]}}],"collection":[{"href":"https:\/\/primermomento.com\/index.php?rest_route=\/wp\/v2\/posts"}],"about":[{"href":"https:\/\/primermomento.com\/index.php?rest_route=\/wp\/v2\/types\/post"}],"author":[{"embeddable":true,"href":"https:\/\/primermomento.com\/index.php?rest_route=\/wp\/v2\/users\/1"}],"replies":[{"embeddable":true,"href":"https:\/\/primermomento.com\/index.php?rest_route=%2Fwp%2Fv2%2Fcomments&post=365587"}],"version-history":[{"count":1,"href":"https:\/\/primermomento.com\/index.php?rest_route=\/wp\/v2\/posts\/365587\/revisions"}],"predecessor-version":[{"id":365589,"href":"https:\/\/primermomento.com\/index.php?rest_route=\/wp\/v2\/posts\/365587\/revisions\/365589"}],"wp:attachment":[{"href":"https:\/\/primermomento.com\/index.php?rest_route=%2Fwp%2Fv2%2Fmedia&parent=365587"}],"wp:term":[{"taxonomy":"category","embeddable":true,"href":"https:\/\/primermomento.com\/index.php?rest_route=%2Fwp%2Fv2%2Fcategories&post=365587"},{"taxonomy":"post_tag","embeddable":true,"href":"https:\/\/primermomento.com\/index.php?rest_route=%2Fwp%2Fv2%2Ftags&post=365587"}],"curies":[{"name":"wp","href":"https:\/\/api.w.org\/{rel}","templated":true}]}}