{"id":366551,"date":"2022-07-19T08:03:08","date_gmt":"2022-07-19T12:03:08","guid":{"rendered":"http:\/\/primermomento.com\/?p=366551"},"modified":"2022-07-19T18:53:35","modified_gmt":"2022-07-19T22:53:35","slug":"rendiran-tributo-a-victor-waill-en-premios-conga-a-la-salsa","status":"publish","type":"post","link":"https:\/\/primermomento.com\/?p=366551","title":{"rendered":"BAN\u013a | Rendir\u00e1n tributo a V\u00edctor Waill en Premios Conga a la salsa"},"content":{"rendered":"\n<p class=\"wp-block-paragraph\">SANTO DOMINGO, Rep\u00fablica Dominicana.- Los Premios Conga se entregar\u00e1n el pr\u00f3ximo jueves en su d\u00e9cima edici\u00f3n, la noche de este mi\u00e9rcoles 20 de julio, donde ser\u00e1n reconocidos los m\u00e1s destacados de la industria salsera y se le rendir\u00e1 homenaje p\u00f3stumo al arreglista y artista salsero V\u00edctor Waill, quien falleci\u00f3 hace tres a\u00f1os.<\/p>\n\n\n<div class=\"wp-block-image\">\n<figure class=\"aligncenter size-full\"><img loading=\"lazy\" decoding=\"async\" width=\"1000\" height=\"600\" src=\"http:\/\/primermomento.com\/wp-content\/uploads\/2017\/09\/victor-waill1.jpg\" alt=\"\" class=\"wp-image-294208\" srcset=\"https:\/\/primermomento.com\/wp-content\/uploads\/2017\/09\/victor-waill1.jpg 1000w, https:\/\/primermomento.com\/wp-content\/uploads\/2017\/09\/victor-waill1-300x180.jpg 300w, https:\/\/primermomento.com\/wp-content\/uploads\/2017\/09\/victor-waill1-768x461.jpg 768w, https:\/\/primermomento.com\/wp-content\/uploads\/2017\/09\/victor-waill1-110x66.jpg 110w, https:\/\/primermomento.com\/wp-content\/uploads\/2017\/09\/victor-waill1-500x300.jpg 500w, https:\/\/primermomento.com\/wp-content\/uploads\/2017\/09\/victor-waill1-280x168.jpg 280w, https:\/\/primermomento.com\/wp-content\/uploads\/2017\/09\/victor-waill1-638x383.jpg 638w, https:\/\/primermomento.com\/wp-content\/uploads\/2017\/09\/victor-waill1-118x71.jpg 118w, https:\/\/primermomento.com\/wp-content\/uploads\/2017\/09\/victor-waill1-479x287.jpg 479w\" sizes=\"auto, (max-width: 1000px) 100vw, 1000px\" \/><figcaption><em>V\u00edctor Waill <\/em><\/figcaption><\/figure>\n<\/div>\n\n\n<p class=\"wp-block-paragraph\">El rengl\u00f3n \u201cMejor \u00c1lbum de Salsa\u201d compiten Michel el Buen\u00f3n, \u201cEse Tipo soy Yo\u201d; Jos\u00e9 Alberto el Canario, \u201cHomenaje a Pacheco\u201d; Raul\u00edn Rosendo, \u201cTranquilo yo controlo\u201d, y Alex Matos, \u201cHomenaje a Anthony R\u00edos\u201d.<\/p>\n\n\n\n<p class=\"wp-block-paragraph\">La noche del jueves 20 tendr\u00e1 como protagonistas a los salseros Yiyo Sarante, Chiquito Team Band, Alex Matos, David Kada, Sexappeal, Raul\u00edn Rosendo, Miguel M\u00e9ndez, F\u00e9lix Manuel, Asdr\u00fabal y El Montuno compitiendo en el rengl\u00f3n \u201cSalsero del A\u00f1o\u201d.<\/p>\n\n\n\n<p class=\"wp-block-paragraph\">Mientras que en la categor\u00eda \u201cMejor Promotor de Salsa\u201d se enfrentan Andy Wilson Moreno, Jenny Sexappeal, Melvin de Le\u00f3n, Aracelis Mateo y Richard Richardson.<\/p>\n\n\n\n<p class=\"wp-block-paragraph\">El ingeniero Johnny Mej\u00eda, Eugenio P\u00e9rez y Francisco \u201cChino\u201d M\u00e9ndez, organizadores de la premiaci\u00f3n, encabezaron una ceremonia en la discoteca Pandora Lounge, donde entregaron pergaminos a los nominados a este galard\u00f3n.<\/p>\n\n\n\n<p class=\"wp-block-paragraph\">Esta gala ser\u00e1 amenizada por<strong>&nbsp;<\/strong>Alex Matos, Ehshawnee, Charlie Cruz, Miguel M\u00e9ndez, Eddie Bonilla, entre otros artistas salseros.&nbsp;<\/p>\n\n\n\n<p class=\"wp-block-paragraph\">Este premio reconoce la labor destacada de artistas, salsero del a\u00f1o, orquestas, compositores, arreglistas, bailarines, ingenieros de sonido, locutores, programas radiales, emisoras, estudios de grabaci\u00f3n, promotores art\u00edsticos, manager, mejor v\u00eddeo clip, discotecas, redes sociales, entre otras categor\u00edas.<\/p>\n\n\n\n<p class=\"has-text-align-right wp-block-paragraph\"><em>listindiario.com.do<\/em><\/p>\n","protected":false},"excerpt":{"rendered":"<p>SANTO DOMINGO, Rep\u00fablica Dominicana.- Los Premios Conga se entregar\u00e1n el pr\u00f3ximo jueves en su d\u00e9cima edici\u00f3n, la noche de este mi\u00e9rcoles 20 de julio, donde ser\u00e1n reconocidos los m\u00e1s destacados de la industria salsera y se le rendir\u00e1 homenaje p\u00f3stumo al arreglista y artista salsero V\u00edctor Waill, quien falleci\u00f3 hace tres a\u00f1os. El rengl\u00f3n \u201cMejor [&hellip;]<\/p>\n","protected":false},"author":1,"featured_media":0,"comment_status":"open","ping_status":"open","sticky":false,"template":"","format":"standard","meta":{"_bbp_topic_count":0,"_bbp_reply_count":0,"_bbp_total_topic_count":0,"_bbp_total_reply_count":0,"_bbp_voice_count":0,"_bbp_anonymous_reply_count":0,"_bbp_topic_count_hidden":0,"_bbp_reply_count_hidden":0,"_bbp_forum_subforum_count":0,"footnotes":""},"categories":[39,60],"tags":[],"class_list":["post-366551","post","type-post","status-publish","format-standard","category-entretenimiento","category-titulares-del-dia"],"_links":{"self":[{"href":"https:\/\/primermomento.com\/index.php?rest_route=\/wp\/v2\/posts\/366551","targetHints":{"allow":["GET"]}}],"collection":[{"href":"https:\/\/primermomento.com\/index.php?rest_route=\/wp\/v2\/posts"}],"about":[{"href":"https:\/\/primermomento.com\/index.php?rest_route=\/wp\/v2\/types\/post"}],"author":[{"embeddable":true,"href":"https:\/\/primermomento.com\/index.php?rest_route=\/wp\/v2\/users\/1"}],"replies":[{"embeddable":true,"href":"https:\/\/primermomento.com\/index.php?rest_route=%2Fwp%2Fv2%2Fcomments&post=366551"}],"version-history":[{"count":4,"href":"https:\/\/primermomento.com\/index.php?rest_route=\/wp\/v2\/posts\/366551\/revisions"}],"predecessor-version":[{"id":366597,"href":"https:\/\/primermomento.com\/index.php?rest_route=\/wp\/v2\/posts\/366551\/revisions\/366597"}],"wp:attachment":[{"href":"https:\/\/primermomento.com\/index.php?rest_route=%2Fwp%2Fv2%2Fmedia&parent=366551"}],"wp:term":[{"taxonomy":"category","embeddable":true,"href":"https:\/\/primermomento.com\/index.php?rest_route=%2Fwp%2Fv2%2Fcategories&post=366551"},{"taxonomy":"post_tag","embeddable":true,"href":"https:\/\/primermomento.com\/index.php?rest_route=%2Fwp%2Fv2%2Ftags&post=366551"}],"curies":[{"name":"wp","href":"https:\/\/api.w.org\/{rel}","templated":true}]}}