{"id":366702,"date":"2022-07-21T15:10:00","date_gmt":"2022-07-21T19:10:00","guid":{"rendered":"http:\/\/primermomento.com\/?p=366702"},"modified":"2022-07-21T15:39:46","modified_gmt":"2022-07-21T19:39:46","slug":"banl-reconocen-a-ecly-cepeda-como-hijo-adoptivo-y-meritorio","status":"publish","type":"post","link":"https:\/\/primermomento.com\/?p=366702","title":{"rendered":"BAN\u013a | Concejo reconoci\u00f3 a Ecly Cepeda como Hijo Adoptivo y Meritorio"},"content":{"rendered":"\n<p class=\"wp-block-paragraph\">BAN\u013a, Rep\u00fablica Dominicana.- Por su larga trayectoria en el \u00e1mbito art\u00edstico y cultural, el Concejo Edilicio acompa\u00f1ado del alcalde Santo Ram\u00edrez reconoci\u00f3 hoy como Hijo\u00a0Adoptivo y Meritorio, al m\u00fasico, cantante y sonidista Rafael Euclides Cepeda (Ecly).<\/p>\n\n\n<div class=\"wp-block-image\">\n<figure class=\"aligncenter size-full\"><img loading=\"lazy\" decoding=\"async\" width=\"596\" height=\"398\" src=\"http:\/\/primermomento.com\/wp-content\/uploads\/2022\/07\/RECONOCIMIENTO-ECLY-271.jpg\" alt=\"\" class=\"wp-image-366703\" srcset=\"https:\/\/primermomento.com\/wp-content\/uploads\/2022\/07\/RECONOCIMIENTO-ECLY-271.jpg 596w, https:\/\/primermomento.com\/wp-content\/uploads\/2022\/07\/RECONOCIMIENTO-ECLY-271-300x200.jpg 300w, https:\/\/primermomento.com\/wp-content\/uploads\/2022\/07\/RECONOCIMIENTO-ECLY-271-73x50.jpg 73w, https:\/\/primermomento.com\/wp-content\/uploads\/2022\/07\/RECONOCIMIENTO-ECLY-271-500x334.jpg 500w, https:\/\/primermomento.com\/wp-content\/uploads\/2022\/07\/RECONOCIMIENTO-ECLY-271-280x187.jpg 280w, https:\/\/primermomento.com\/wp-content\/uploads\/2022\/07\/RECONOCIMIENTO-ECLY-271-60x40.jpg 60w, https:\/\/primermomento.com\/wp-content\/uploads\/2022\/07\/RECONOCIMIENTO-ECLY-271-118x79.jpg 118w, https:\/\/primermomento.com\/wp-content\/uploads\/2022\/07\/RECONOCIMIENTO-ECLY-271-479x320.jpg 479w\" sizes=\"auto, (max-width: 596px) 100vw, 596px\" \/><\/figure>\n<\/div>\n\n\n<p class=\"wp-block-paragraph\">El acto se llev\u00f3 a cabo durante la celebraci\u00f3n de la sesi\u00f3n extraordinaria celebrada esta ma\u00f1ana en la Sala Capitular, donde se le hizo entrega formal de esta resoluci\u00f3n que fue introducida por la regidora Dennys B\u00e1ez a solicitud del comunicador y locutor Osiris Romero.<\/p>\n\n\n\n<p class=\"wp-block-paragraph\">El \u201cPr\u00edncipe del Sur\u201d, como tambi\u00e9n se hace llamar el artista, agradeci\u00f3 a Dios, su familia, a todos sus compa\u00f1eros m\u00fasicos, a su comunidad de Paya, a la regidora Denny B\u00e1ez, al Ayuntamiento de Ban\u00ed, amigos presentes y en especial, agradeci\u00f3 casi entre l\u00e1grimas, a Pedro Pablo Garc\u00eda Molina (Chichi) fallecido, por el gran apoyo que le brind\u00f3 en sus &nbsp;40 a\u00f1os ininterrumpidos de trayectoria en la m\u00fasica al igual que al profesor Eduardo Montero.<\/p>\n\n\n\n<p class=\"wp-block-paragraph\">\u201cAhora es que queda mucho Ecly Cepeda\u201d, concluy\u00f3<\/p>\n\n\n\n<p class=\"wp-block-paragraph\">De su lado, la edil Dennys B\u00e1ez, resalt\u00f3 la gran labor del artista Cepeda durante tantos a\u00f1os, quien con su m\u00fasica ha puesto a bailar a muchos en Ban\u00ed como en el exterior y que ha servido adem\u00e1s de profesor de talentos de quienes hoy tienen una carrera musical.<\/p>\n\n\n\n<p class=\"wp-block-paragraph\">El alcalde Santo Ram\u00edrez junto al presidente del Concejo Eddy Pe\u00f1a, el cuerpo de regidores y la vicealcaldesa Adriana Soto; \u00a0felicitaron al artista por sus grandes aportes a la clase art\u00edstica de esta provincia.<\/p>\n","protected":false},"excerpt":{"rendered":"<p>BAN\u013a, Rep\u00fablica Dominicana.- Por su larga trayectoria en el \u00e1mbito art\u00edstico y cultural, el Concejo Edilicio acompa\u00f1ado del alcalde Santo Ram\u00edrez reconoci\u00f3 hoy como Hijo\u00a0Adoptivo y Meritorio, al m\u00fasico, cantante y sonidista Rafael Euclides Cepeda (Ecly). El acto se llev\u00f3 a cabo durante la celebraci\u00f3n de la sesi\u00f3n extraordinaria celebrada esta ma\u00f1ana en la Sala [&hellip;]<\/p>\n","protected":false},"author":1,"featured_media":0,"comment_status":"open","ping_status":"open","sticky":false,"template":"","format":"standard","meta":{"_bbp_topic_count":0,"_bbp_reply_count":0,"_bbp_total_topic_count":0,"_bbp_total_reply_count":0,"_bbp_voice_count":0,"_bbp_anonymous_reply_count":0,"_bbp_topic_count_hidden":0,"_bbp_reply_count_hidden":0,"_bbp_forum_subforum_count":0,"footnotes":""},"categories":[39,60],"tags":[],"class_list":["post-366702","post","type-post","status-publish","format-standard","category-entretenimiento","category-titulares-del-dia"],"_links":{"self":[{"href":"https:\/\/primermomento.com\/index.php?rest_route=\/wp\/v2\/posts\/366702","targetHints":{"allow":["GET"]}}],"collection":[{"href":"https:\/\/primermomento.com\/index.php?rest_route=\/wp\/v2\/posts"}],"about":[{"href":"https:\/\/primermomento.com\/index.php?rest_route=\/wp\/v2\/types\/post"}],"author":[{"embeddable":true,"href":"https:\/\/primermomento.com\/index.php?rest_route=\/wp\/v2\/users\/1"}],"replies":[{"embeddable":true,"href":"https:\/\/primermomento.com\/index.php?rest_route=%2Fwp%2Fv2%2Fcomments&post=366702"}],"version-history":[{"count":3,"href":"https:\/\/primermomento.com\/index.php?rest_route=\/wp\/v2\/posts\/366702\/revisions"}],"predecessor-version":[{"id":366707,"href":"https:\/\/primermomento.com\/index.php?rest_route=\/wp\/v2\/posts\/366702\/revisions\/366707"}],"wp:attachment":[{"href":"https:\/\/primermomento.com\/index.php?rest_route=%2Fwp%2Fv2%2Fmedia&parent=366702"}],"wp:term":[{"taxonomy":"category","embeddable":true,"href":"https:\/\/primermomento.com\/index.php?rest_route=%2Fwp%2Fv2%2Fcategories&post=366702"},{"taxonomy":"post_tag","embeddable":true,"href":"https:\/\/primermomento.com\/index.php?rest_route=%2Fwp%2Fv2%2Ftags&post=366702"}],"curies":[{"name":"wp","href":"https:\/\/api.w.org\/{rel}","templated":true}]}}