{"id":366937,"date":"2022-07-26T07:23:00","date_gmt":"2022-07-26T11:23:00","guid":{"rendered":"http:\/\/primermomento.com\/?p=366937"},"modified":"2022-07-26T13:45:27","modified_gmt":"2022-07-26T17:45:27","slug":"yolanda-la-duke-inicia-gira-de-conciertos-en-su-tierra","status":"publish","type":"post","link":"https:\/\/primermomento.com\/?p=366937","title":{"rendered":"Yolanda La Duke inicia gira de conciertos en Rep. Dominicana"},"content":{"rendered":"\n<p class=\"wp-block-paragraph\">SANTO DOMINGO, Rep\u00fablica Dominicana.- La destacada artista dominicana Yolanda La Duke, La Voz del Mundo, iniciar\u00e1 en Rep\u00fablica Dominicana la gira de conciertos que lleva por nombre \u00abYolanda Duke Tour 360 grados\u00bb, anunciando sus primeros conciertos en el pa\u00eds para el mes de octubre de este a\u00f1o, donde incluir\u00e1 dentro del repertorio canciones de su producci\u00f3n discogr\u00e1fica en homenaje a La Lupe, entre otros grandes \u00e9xitos.<\/p>\n\n\n<div class=\"wp-block-image\">\n<figure class=\"aligncenter size-full\"><img loading=\"lazy\" decoding=\"async\" width=\"732\" height=\"489\" src=\"http:\/\/primermomento.com\/wp-content\/uploads\/2022\/07\/Yolanda-La-Duke.jpg\" alt=\"\" class=\"wp-image-366938\" srcset=\"https:\/\/primermomento.com\/wp-content\/uploads\/2022\/07\/Yolanda-La-Duke.jpg 732w, https:\/\/primermomento.com\/wp-content\/uploads\/2022\/07\/Yolanda-La-Duke-300x200.jpg 300w, https:\/\/primermomento.com\/wp-content\/uploads\/2022\/07\/Yolanda-La-Duke-73x50.jpg 73w, https:\/\/primermomento.com\/wp-content\/uploads\/2022\/07\/Yolanda-La-Duke-500x334.jpg 500w, https:\/\/primermomento.com\/wp-content\/uploads\/2022\/07\/Yolanda-La-Duke-280x187.jpg 280w, https:\/\/primermomento.com\/wp-content\/uploads\/2022\/07\/Yolanda-La-Duke-60x40.jpg 60w, https:\/\/primermomento.com\/wp-content\/uploads\/2022\/07\/Yolanda-La-Duke-638x426.jpg 638w, https:\/\/primermomento.com\/wp-content\/uploads\/2022\/07\/Yolanda-La-Duke-118x79.jpg 118w, https:\/\/primermomento.com\/wp-content\/uploads\/2022\/07\/Yolanda-La-Duke-479x320.jpg 479w\" sizes=\"auto, (max-width: 732px) 100vw, 732px\" \/><figcaption><em>Yolanda La Duke<\/em><\/figcaption><\/figure>\n<\/div>\n\n\n<p class=\"wp-block-paragraph\">La imponente cantante conocida como \u00abLa voz del mundo\u00bb viene de un 2022 lleno de \u00e9xitos, posicion\u00e1ndose con gran acogida gracias a su tema \u00abYo, la mala\u00bb, \u00abEl Brib\u00f3n del Aguacero\u00bb, \u201cYa Te Olvide\u201d, y su m\u00e1s reciente sencillo \u00abPaloma Brava\u00bb, que desde ya cuenta con el favor de la audiencia internacional.<\/p>\n\n\n\n<p class=\"wp-block-paragraph\">Para Yolanda, reencontrarse con su amada tierra es motivo de celebraci\u00f3n, por lo que espera con ansias estos conciertos que dan inicio a su gira:<\/p>\n\n\n\n<p class=\"wp-block-paragraph\">\u00abSentir de nuevo el calor de mi gente, y sobre todo, llevarles mi nueva m\u00fasica adem\u00e1s de los \u00e9xitos de siempre, es una fiesta que desde ya festejo y espero con ansias. Nos vemos pronto\u00bb, dijo emocionada La Duke.<\/p>\n\n\n\n<p class=\"wp-block-paragraph\">Entre los conciertos a realizar en la Rep\u00fablica Dominicana, se anuncian las siguientes fechas: 8 de octubre en el Country Club de Ban\u00ed; 10 de, octubre MACAWS Sala de Conciertos, Rancho Guacamayos Bonao; 21 de octubre en el Country Club Jarabacoa; 22 octubre en el Blue Jactar Puerto Plata, entre muchos otros que se anunciar\u00e1n m\u00e1s adelante.<\/p>\n\n\n\n<p class=\"wp-block-paragraph\"><strong>M\u00e1s sobre Yolanda:<\/strong><\/p>\n\n\n\n<p class=\"wp-block-paragraph\">A edad muy temprana entra a competir en concursos de cantos los cuales gana, despu\u00e9s pas\u00f3 a cantar en varios clubes de la escena nocturna de New York y Toronto.<\/p>\n\n\n\n<p class=\"wp-block-paragraph\">Fue contratada para ser la estrella de un show estilo Las Vegas, el cual se presentar\u00eda en el nightclub m\u00e1s grande y prestigioso del Caribe, La Fuente Nightclub, del famoso Hotel Jaragua donde ella mejor\u00f3 su estilo y presencia esc\u00e9nica, empezando as\u00ed su transformaci\u00f3n en \u201cLa Duke\u201d.<\/p>\n\n\n\n<p class=\"wp-block-paragraph\">Como sus fans testifican, lo que aparta a Yolanda de los dem\u00e1s artistas es que ella no solo interpreta una canci\u00f3n, ella la convierte en toda suya. Su voz es un maravilloso instrumento que clama con exuberancia, llora con el alma y susurra con intimidad. En el curso de una canci\u00f3n, La Duke puede inspirar tu mente, tocar tu coraz\u00f3n y hacer mover tus pies como ning\u00fan otro int\u00e9rprete.<\/p>\n\n\n\n<p class=\"wp-block-paragraph\">Hoy en d\u00eda contin\u00faa el legado del Rey de La M\u00fasica Latina, cantando a nivel mundial acompa\u00f1ada por La Gran Orquesta de Tito Puente.<\/p>\n\n\n\n<p class=\"has-text-align-right wp-block-paragraph\"><em>Patz Guerrero<\/em><\/p>\n","protected":false},"excerpt":{"rendered":"<p>SANTO DOMINGO, Rep\u00fablica Dominicana.- La destacada artista dominicana Yolanda La Duke, La Voz del Mundo, iniciar\u00e1 en Rep\u00fablica Dominicana la gira de conciertos que lleva por nombre \u00abYolanda Duke Tour 360 grados\u00bb, anunciando sus primeros conciertos en el pa\u00eds para el mes de octubre de este a\u00f1o, donde incluir\u00e1 dentro del repertorio canciones de su [&hellip;]<\/p>\n","protected":false},"author":1,"featured_media":0,"comment_status":"open","ping_status":"open","sticky":false,"template":"","format":"standard","meta":{"_bbp_topic_count":0,"_bbp_reply_count":0,"_bbp_total_topic_count":0,"_bbp_total_reply_count":0,"_bbp_voice_count":0,"_bbp_anonymous_reply_count":0,"_bbp_topic_count_hidden":0,"_bbp_reply_count_hidden":0,"_bbp_forum_subforum_count":0,"footnotes":""},"categories":[39,60],"tags":[],"class_list":["post-366937","post","type-post","status-publish","format-standard","category-entretenimiento","category-titulares-del-dia"],"_links":{"self":[{"href":"https:\/\/primermomento.com\/index.php?rest_route=\/wp\/v2\/posts\/366937","targetHints":{"allow":["GET"]}}],"collection":[{"href":"https:\/\/primermomento.com\/index.php?rest_route=\/wp\/v2\/posts"}],"about":[{"href":"https:\/\/primermomento.com\/index.php?rest_route=\/wp\/v2\/types\/post"}],"author":[{"embeddable":true,"href":"https:\/\/primermomento.com\/index.php?rest_route=\/wp\/v2\/users\/1"}],"replies":[{"embeddable":true,"href":"https:\/\/primermomento.com\/index.php?rest_route=%2Fwp%2Fv2%2Fcomments&post=366937"}],"version-history":[{"count":2,"href":"https:\/\/primermomento.com\/index.php?rest_route=\/wp\/v2\/posts\/366937\/revisions"}],"predecessor-version":[{"id":366940,"href":"https:\/\/primermomento.com\/index.php?rest_route=\/wp\/v2\/posts\/366937\/revisions\/366940"}],"wp:attachment":[{"href":"https:\/\/primermomento.com\/index.php?rest_route=%2Fwp%2Fv2%2Fmedia&parent=366937"}],"wp:term":[{"taxonomy":"category","embeddable":true,"href":"https:\/\/primermomento.com\/index.php?rest_route=%2Fwp%2Fv2%2Fcategories&post=366937"},{"taxonomy":"post_tag","embeddable":true,"href":"https:\/\/primermomento.com\/index.php?rest_route=%2Fwp%2Fv2%2Ftags&post=366937"}],"curies":[{"name":"wp","href":"https:\/\/api.w.org\/{rel}","templated":true}]}}