{"id":367355,"date":"2022-08-01T10:23:00","date_gmt":"2022-08-01T14:23:00","guid":{"rendered":"http:\/\/primermomento.com\/?p=367355"},"modified":"2022-08-01T17:24:07","modified_gmt":"2022-08-01T21:24:07","slug":"beyonce-cambiara-letra-de-cancion-por-uso-de-palabra-peyorativa","status":"publish","type":"post","link":"https:\/\/primermomento.com\/?p=367355","title":{"rendered":"Beyonc\u00e9 cambiar\u00e1 letra de canci\u00f3n por uso de palabra peyorativa"},"content":{"rendered":"\n<p class=\"wp-block-paragraph\">WASHINGTON, EEUU.- La cantante estadounidense Beyonc\u00e9 anunci\u00f3 hoy el cambio de letra en una de las canciones del disco Renaissance pues utiliz\u00f3, aunque con una connotaci\u00f3n distinta, una palabra peyorativa para personas que sufren de par\u00e1lisis.<\/p>\n\n\n<div class=\"wp-block-image\">\n<figure class=\"aligncenter size-full\"><img loading=\"lazy\" decoding=\"async\" width=\"792\" height=\"449\" src=\"http:\/\/primermomento.com\/wp-content\/uploads\/2022\/08\/Beyonce1.jpg\" alt=\"\" class=\"wp-image-367356\" srcset=\"https:\/\/primermomento.com\/wp-content\/uploads\/2022\/08\/Beyonce1.jpg 792w, https:\/\/primermomento.com\/wp-content\/uploads\/2022\/08\/Beyonce1-300x170.jpg 300w, https:\/\/primermomento.com\/wp-content\/uploads\/2022\/08\/Beyonce1-768x435.jpg 768w, https:\/\/primermomento.com\/wp-content\/uploads\/2022\/08\/Beyonce1-478x270.jpg 478w, https:\/\/primermomento.com\/wp-content\/uploads\/2022\/08\/Beyonce1-500x283.jpg 500w, https:\/\/primermomento.com\/wp-content\/uploads\/2022\/08\/Beyonce1-280x159.jpg 280w, https:\/\/primermomento.com\/wp-content\/uploads\/2022\/08\/Beyonce1-638x362.jpg 638w, https:\/\/primermomento.com\/wp-content\/uploads\/2022\/08\/Beyonce1-118x67.jpg 118w, https:\/\/primermomento.com\/wp-content\/uploads\/2022\/08\/Beyonce1-479x272.jpg 479w\" sizes=\"auto, (max-width: 792px) 100vw, 792px\" \/><\/figure>\n<\/div>\n\n\n<p class=\"wp-block-paragraph\">Heated es el t\u00edtulo del tema del s\u00e9ptimo \u00e1lbum de estudio de la artista, quien emple\u00f3 el t\u00e9rmino spaz el cual hace referencia a aquellos afectados con alg\u00fan tipo de par\u00e1lisis motriz que les impide controlar sus extremidades.<\/p>\n\n\n\n<p class=\"wp-block-paragraph\">Aunque otras acepciones de la frase en el ingl\u00e9s coloquial significan \u00abperder el control\u00bb, \u00abagitar\u00bb o \u00abvolverse loco\u00bb, muchos seguidores de la cantante manifestaron su descontento y solicitaron el cambio, sobre todo en comunidades del Reino Unido.<\/p>\n\n\n\n<p class=\"wp-block-paragraph\">La vocalista pidi\u00f3 disculpa y afirm\u00f3 que en ning\u00fan instante quiso herir a alguien, ante las cr\u00edticas desatadas por varios activistas como Hannah Diviney del diario brit\u00e1nico The Guardian, quien la acus\u00f3 de usar un lenguaje discriminatorio.<\/p>\n\n\n\n<p class=\"wp-block-paragraph\">Compuesto por 16 temas, fusionados con m\u00fasica house y afrobeat, el fonograma de Beyonc\u00e9 fue uno de los m\u00e1s esperados del a\u00f1o y entr\u00f3 en circulaci\u00f3n a trav\u00e9s del sello Parkwood Entertainment y Columbia Records.<\/p>\n\n\n\n<p class=\"wp-block-paragraph\">De acuerdo con la int\u00e9rprete, el material es un proyecto en tres actos grabado durante los tres a\u00f1os de pandemia de la Covid-19, el cual result\u00f3 para su carrera un momento muy creativo.<\/p>\n\n\n\n<p class=\"wp-block-paragraph\">La lista de temas la conforman, entre otros, los sencillos Thique, America Has a Problem, Summer Renaissance y el \u00e9xito Break my soul, primer promocional del disco que supera 20 millones de reproducciones en YouTube.<\/p>\n\n\n\n<p class=\"wp-block-paragraph\">Con una larga trayectoria art\u00edstica, que incluye tambi\u00e9n una notable labor en el cine, Beyonc\u00e9 ha ganado importantes premios, primero como integrante del grupo femenino de R&amp;B, Destiny\u2019s Child y luego como solista.<\/p>\n\n\n\n<p class=\"has-text-align-right wp-block-paragraph\"><em>PL<\/em><\/p>\n","protected":false},"excerpt":{"rendered":"<p>WASHINGTON, EEUU.- La cantante estadounidense Beyonc\u00e9 anunci\u00f3 hoy el cambio de letra en una de las canciones del disco Renaissance pues utiliz\u00f3, aunque con una connotaci\u00f3n distinta, una palabra peyorativa para personas que sufren de par\u00e1lisis. Heated es el t\u00edtulo del tema del s\u00e9ptimo \u00e1lbum de estudio de la artista, quien emple\u00f3 el t\u00e9rmino spaz [&hellip;]<\/p>\n","protected":false},"author":1,"featured_media":0,"comment_status":"open","ping_status":"open","sticky":false,"template":"","format":"standard","meta":{"_bbp_topic_count":0,"_bbp_reply_count":0,"_bbp_total_topic_count":0,"_bbp_total_reply_count":0,"_bbp_voice_count":0,"_bbp_anonymous_reply_count":0,"_bbp_topic_count_hidden":0,"_bbp_reply_count_hidden":0,"_bbp_forum_subforum_count":0,"footnotes":""},"categories":[39,60],"tags":[],"class_list":["post-367355","post","type-post","status-publish","format-standard","category-entretenimiento","category-titulares-del-dia"],"_links":{"self":[{"href":"https:\/\/primermomento.com\/index.php?rest_route=\/wp\/v2\/posts\/367355","targetHints":{"allow":["GET"]}}],"collection":[{"href":"https:\/\/primermomento.com\/index.php?rest_route=\/wp\/v2\/posts"}],"about":[{"href":"https:\/\/primermomento.com\/index.php?rest_route=\/wp\/v2\/types\/post"}],"author":[{"embeddable":true,"href":"https:\/\/primermomento.com\/index.php?rest_route=\/wp\/v2\/users\/1"}],"replies":[{"embeddable":true,"href":"https:\/\/primermomento.com\/index.php?rest_route=%2Fwp%2Fv2%2Fcomments&post=367355"}],"version-history":[{"count":1,"href":"https:\/\/primermomento.com\/index.php?rest_route=\/wp\/v2\/posts\/367355\/revisions"}],"predecessor-version":[{"id":367357,"href":"https:\/\/primermomento.com\/index.php?rest_route=\/wp\/v2\/posts\/367355\/revisions\/367357"}],"wp:attachment":[{"href":"https:\/\/primermomento.com\/index.php?rest_route=%2Fwp%2Fv2%2Fmedia&parent=367355"}],"wp:term":[{"taxonomy":"category","embeddable":true,"href":"https:\/\/primermomento.com\/index.php?rest_route=%2Fwp%2Fv2%2Fcategories&post=367355"},{"taxonomy":"post_tag","embeddable":true,"href":"https:\/\/primermomento.com\/index.php?rest_route=%2Fwp%2Fv2%2Ftags&post=367355"}],"curies":[{"name":"wp","href":"https:\/\/api.w.org\/{rel}","templated":true}]}}