{"id":367637,"date":"2022-08-05T09:25:00","date_gmt":"2022-08-05T13:25:00","guid":{"rendered":"http:\/\/primermomento.com\/?p=367637"},"modified":"2022-08-05T17:30:29","modified_gmt":"2022-08-05T21:30:29","slug":"estrellas-latinas-actuaran-en-la-gala-de-video-music-awards-2022","status":"publish","type":"post","link":"https:\/\/primermomento.com\/?p=367637","title":{"rendered":"Estrellas latinas actuar\u00e1n en la gala de Video Music Awards 2022"},"content":{"rendered":"\n<p class=\"wp-block-paragraph\">Los organizadores de los Video Music Awards (VMA) que otorga la cadena MTV, confirmaron hoy que la ceremonia prevista el 28 de agosto en Estados Unidos sumar\u00e1 el talento de estrellas de la m\u00fasica latina.<\/p>\n\n\n<div class=\"wp-block-image\">\n<figure class=\"aligncenter size-full\"><img loading=\"lazy\" decoding=\"async\" width=\"608\" height=\"342\" src=\"http:\/\/primermomento.com\/wp-content\/uploads\/2022\/08\/Video-Music-Awards-2022.png\" alt=\"\" class=\"wp-image-367638\" srcset=\"https:\/\/primermomento.com\/wp-content\/uploads\/2022\/08\/Video-Music-Awards-2022.png 608w, https:\/\/primermomento.com\/wp-content\/uploads\/2022\/08\/Video-Music-Awards-2022-300x169.png 300w, https:\/\/primermomento.com\/wp-content\/uploads\/2022\/08\/Video-Music-Awards-2022-478x270.png 478w, https:\/\/primermomento.com\/wp-content\/uploads\/2022\/08\/Video-Music-Awards-2022-500x281.png 500w, https:\/\/primermomento.com\/wp-content\/uploads\/2022\/08\/Video-Music-Awards-2022-280x158.png 280w, https:\/\/primermomento.com\/wp-content\/uploads\/2022\/08\/Video-Music-Awards-2022-118x66.png 118w, https:\/\/primermomento.com\/wp-content\/uploads\/2022\/08\/Video-Music-Awards-2022-479x269.png 479w\" sizes=\"auto, (max-width: 608px) 100vw, 608px\" \/><\/figure>\n<\/div>\n\n\n<p class=\"wp-block-paragraph\">Entre los seleccionados para actuar en la ceremonia figuran el cantante colombiano J Balvin, quien comparti\u00f3 ese escenario en 2019 con el boricua Bad Bunny, y este a\u00f1o, vuelve para interpretar su himno Nivel de perreo acompa\u00f1ado por Ryan Castro.<\/p>\n\n\n\n<p class=\"wp-block-paragraph\">Por su parte, la brasile\u00f1a Anitta, primera artista latina en llegar al n\u00famero uno en la lista mundial de Spotify tendr\u00e1 su debut en el certamen donde interpretar\u00e1 la exitosa Envolver, canci\u00f3n con la cual compite en la categor\u00eda Mmejor v\u00eddeo latino.<\/p>\n\n\n\n<p class=\"wp-block-paragraph\">Ambos exponentes de la m\u00fasica urbana en la regi\u00f3n estar\u00e1n presentes en la gala con sede en el Prudential Center de Nueva Jersey,que acoger\u00e1 a los estrellas estadounidenses como Marshmello, Khalid y la banda Panic! At The Disco, todos estrenando nuevos temas.<\/p>\n\n\n\n<p class=\"wp-block-paragraph\">Este a\u00f1o, sus coterr\u00e1neos Jack Harlow, Lil Nas X y Kendrick Lamar encabezan la lista de nominados en siete categor\u00edas, seguidos de Doja Cat y Harry Styles, con seis nominaciones cada uno, y de Billie Eilish, Drake, Dua Lipa, Ed Sheeran, Taylor Swift y The Weeknd, con cinco.<\/p>\n\n\n\n<p class=\"wp-block-paragraph\">Destaca,adem\u00e1s, la candidatura de la ic\u00f3nica Madonna, m\u00e1s premiada de la historia de MTV con 20 galardones y \u00fanica persona nominada en cada una de las cinco d\u00e9cadas en las que llevan celebr\u00e1ndose los VMA.<\/p>\n\n\n\n<p class=\"has-text-align-right wp-block-paragraph\"><em>PL<\/em><\/p>\n","protected":false},"excerpt":{"rendered":"<p>Los organizadores de los Video Music Awards (VMA) que otorga la cadena MTV, confirmaron hoy que la ceremonia prevista el 28 de agosto en Estados Unidos sumar\u00e1 el talento de estrellas de la m\u00fasica latina. Entre los seleccionados para actuar en la ceremonia figuran el cantante colombiano J Balvin, quien comparti\u00f3 ese escenario en 2019 [&hellip;]<\/p>\n","protected":false},"author":1,"featured_media":0,"comment_status":"open","ping_status":"open","sticky":false,"template":"","format":"standard","meta":{"_bbp_topic_count":0,"_bbp_reply_count":0,"_bbp_total_topic_count":0,"_bbp_total_reply_count":0,"_bbp_voice_count":0,"_bbp_anonymous_reply_count":0,"_bbp_topic_count_hidden":0,"_bbp_reply_count_hidden":0,"_bbp_forum_subforum_count":0,"footnotes":""},"categories":[39,60],"tags":[],"class_list":["post-367637","post","type-post","status-publish","format-standard","category-entretenimiento","category-titulares-del-dia"],"_links":{"self":[{"href":"https:\/\/primermomento.com\/index.php?rest_route=\/wp\/v2\/posts\/367637","targetHints":{"allow":["GET"]}}],"collection":[{"href":"https:\/\/primermomento.com\/index.php?rest_route=\/wp\/v2\/posts"}],"about":[{"href":"https:\/\/primermomento.com\/index.php?rest_route=\/wp\/v2\/types\/post"}],"author":[{"embeddable":true,"href":"https:\/\/primermomento.com\/index.php?rest_route=\/wp\/v2\/users\/1"}],"replies":[{"embeddable":true,"href":"https:\/\/primermomento.com\/index.php?rest_route=%2Fwp%2Fv2%2Fcomments&post=367637"}],"version-history":[{"count":1,"href":"https:\/\/primermomento.com\/index.php?rest_route=\/wp\/v2\/posts\/367637\/revisions"}],"predecessor-version":[{"id":367639,"href":"https:\/\/primermomento.com\/index.php?rest_route=\/wp\/v2\/posts\/367637\/revisions\/367639"}],"wp:attachment":[{"href":"https:\/\/primermomento.com\/index.php?rest_route=%2Fwp%2Fv2%2Fmedia&parent=367637"}],"wp:term":[{"taxonomy":"category","embeddable":true,"href":"https:\/\/primermomento.com\/index.php?rest_route=%2Fwp%2Fv2%2Fcategories&post=367637"},{"taxonomy":"post_tag","embeddable":true,"href":"https:\/\/primermomento.com\/index.php?rest_route=%2Fwp%2Fv2%2Ftags&post=367637"}],"curies":[{"name":"wp","href":"https:\/\/api.w.org\/{rel}","templated":true}]}}