{"id":367757,"date":"2022-08-08T10:04:00","date_gmt":"2022-08-08T14:04:00","guid":{"rendered":"http:\/\/primermomento.com\/?p=367757"},"modified":"2022-08-08T19:59:13","modified_gmt":"2022-08-08T23:59:13","slug":"reconocida-actriz-australiana-olivia-newton-john-fallecio-en-eeuu","status":"publish","type":"post","link":"https:\/\/primermomento.com\/?p=367757","title":{"rendered":"Reconocida actriz australiana Olivia Newton-John falleci\u00f3 en EEUU"},"content":{"rendered":"\n<p class=\"wp-block-paragraph\">WASHINGTON, EEUU.- La reconocida actriz brit\u00e1nico- australiana Olivia Newton-John, c\u00e9lebre por sus papeles en los filmes Xanadu y Grease, falleci\u00f3 hoy a los 73 a\u00f1os de edad en su rancho al sur de California, Estados Unidos.<\/p>\n\n\n<div class=\"wp-block-image\">\n<figure class=\"aligncenter size-full\"><img loading=\"lazy\" decoding=\"async\" width=\"748\" height=\"498\" src=\"http:\/\/primermomento.com\/wp-content\/uploads\/2022\/08\/olivia-newton-John.jpg\" alt=\"\" class=\"wp-image-367758\" srcset=\"https:\/\/primermomento.com\/wp-content\/uploads\/2022\/08\/olivia-newton-John.jpg 748w, https:\/\/primermomento.com\/wp-content\/uploads\/2022\/08\/olivia-newton-John-300x200.jpg 300w, https:\/\/primermomento.com\/wp-content\/uploads\/2022\/08\/olivia-newton-John-73x50.jpg 73w, https:\/\/primermomento.com\/wp-content\/uploads\/2022\/08\/olivia-newton-John-500x333.jpg 500w, https:\/\/primermomento.com\/wp-content\/uploads\/2022\/08\/olivia-newton-John-280x186.jpg 280w, https:\/\/primermomento.com\/wp-content\/uploads\/2022\/08\/olivia-newton-John-60x40.jpg 60w, https:\/\/primermomento.com\/wp-content\/uploads\/2022\/08\/olivia-newton-John-638x425.jpg 638w, https:\/\/primermomento.com\/wp-content\/uploads\/2022\/08\/olivia-newton-John-118x79.jpg 118w, https:\/\/primermomento.com\/wp-content\/uploads\/2022\/08\/olivia-newton-John-479x319.jpg 479w\" sizes=\"auto, (max-width: 748px) 100vw, 748px\" \/><\/figure>\n<\/div>\n\n\n<p class=\"wp-block-paragraph\">De acuerdo con su esposo, el artista John Easterling, la tambi\u00e9n cantante de m\u00fasica pop muri\u00f3 pac\u00edficamente esta ma\u00f1ana, rodeada de amigos y familiares y demand\u00f3, en el perfil de Olivia en Instagram, el respeto a la privacidad de sus allegados en un momento tan dif\u00edcil.<\/p>\n\n\n\n<p class=\"wp-block-paragraph\">Si bien, a\u00fan no revelan la causa del fallecimiento, la estrella hollywoodense luch\u00f3 contra el c\u00e1ncer de mama durante m\u00e1s de tres d\u00e9cadas, y seg\u00fan refiri\u00f3 su compa\u00f1ero de vida \u201cen lugar de flores, pedimos que se realicen donaciones en su memoria al fondo de la fundaci\u00f3n hom\u00f3nima\u201d.<\/p>\n\n\n\n<p class=\"wp-block-paragraph\">Una vez difundida la noticia, el actor John Travolta, con quien comparti\u00f3 el protag\u00f3nico en la cinta Vaselina, refiri\u00f3: \u201cmi querid\u00edsima Olivia, hiciste que nuestras vidas fueran mucho mejores. Tu impacto fue incre\u00edble. Te quiero mucho\u201d.<\/p>\n\n\n\n<p class=\"wp-block-paragraph\">Desde su perfil en redes sociales, el bailar\u00edn, productor de cine, piloto y ganador de un Globo de Oro record\u00f3 su personaje de Danny Zuko en la ic\u00f3nica pel\u00edcula de 1978, dirigida por Randal Kleiser, y el romance con la inocente australiana Sandy.<\/p>\n\n\n\n<p class=\"wp-block-paragraph\">En 1992, la artista, recordada por los duetos You\u00b4re the one that i want y Summer Nights con Travolta y merecedora de cuatro premios Grammy, recibi\u00f3 el primer diagn\u00f3stico de c\u00e1ncer de mama y en septiembre de 2018 aludi\u00f3 a su tratamiento de la enfermedad.<\/p>\n\n\n\n<p class=\"has-text-align-right wp-block-paragraph\"><em>PL<\/em><\/p>\n","protected":false},"excerpt":{"rendered":"<p>WASHINGTON, EEUU.- La reconocida actriz brit\u00e1nico- australiana Olivia Newton-John, c\u00e9lebre por sus papeles en los filmes Xanadu y Grease, falleci\u00f3 hoy a los 73 a\u00f1os de edad en su rancho al sur de California, Estados Unidos. De acuerdo con su esposo, el artista John Easterling, la tambi\u00e9n cantante de m\u00fasica pop muri\u00f3 pac\u00edficamente esta ma\u00f1ana, [&hellip;]<\/p>\n","protected":false},"author":1,"featured_media":0,"comment_status":"open","ping_status":"open","sticky":false,"template":"","format":"standard","meta":{"_bbp_topic_count":0,"_bbp_reply_count":0,"_bbp_total_topic_count":0,"_bbp_total_reply_count":0,"_bbp_voice_count":0,"_bbp_anonymous_reply_count":0,"_bbp_topic_count_hidden":0,"_bbp_reply_count_hidden":0,"_bbp_forum_subforum_count":0,"footnotes":""},"categories":[39,60],"tags":[],"class_list":["post-367757","post","type-post","status-publish","format-standard","category-entretenimiento","category-titulares-del-dia"],"_links":{"self":[{"href":"https:\/\/primermomento.com\/index.php?rest_route=\/wp\/v2\/posts\/367757","targetHints":{"allow":["GET"]}}],"collection":[{"href":"https:\/\/primermomento.com\/index.php?rest_route=\/wp\/v2\/posts"}],"about":[{"href":"https:\/\/primermomento.com\/index.php?rest_route=\/wp\/v2\/types\/post"}],"author":[{"embeddable":true,"href":"https:\/\/primermomento.com\/index.php?rest_route=\/wp\/v2\/users\/1"}],"replies":[{"embeddable":true,"href":"https:\/\/primermomento.com\/index.php?rest_route=%2Fwp%2Fv2%2Fcomments&post=367757"}],"version-history":[{"count":1,"href":"https:\/\/primermomento.com\/index.php?rest_route=\/wp\/v2\/posts\/367757\/revisions"}],"predecessor-version":[{"id":367759,"href":"https:\/\/primermomento.com\/index.php?rest_route=\/wp\/v2\/posts\/367757\/revisions\/367759"}],"wp:attachment":[{"href":"https:\/\/primermomento.com\/index.php?rest_route=%2Fwp%2Fv2%2Fmedia&parent=367757"}],"wp:term":[{"taxonomy":"category","embeddable":true,"href":"https:\/\/primermomento.com\/index.php?rest_route=%2Fwp%2Fv2%2Fcategories&post=367757"},{"taxonomy":"post_tag","embeddable":true,"href":"https:\/\/primermomento.com\/index.php?rest_route=%2Fwp%2Fv2%2Ftags&post=367757"}],"curies":[{"name":"wp","href":"https:\/\/api.w.org\/{rel}","templated":true}]}}