{"id":368145,"date":"2022-08-16T06:58:00","date_gmt":"2022-08-16T10:58:00","guid":{"rendered":"http:\/\/primermomento.com\/?p=368145"},"modified":"2022-08-16T17:02:08","modified_gmt":"2022-08-16T21:02:08","slug":"efemerides-patrias-resalta-el-valor-actual-del-grito-restaurador-de-capotillo","status":"publish","type":"post","link":"https:\/\/primermomento.com\/?p=368145","title":{"rendered":"Efem\u00e9rides Patrias resalta el valor actual del Grito Restaurador de Capotillo"},"content":{"rendered":"<div class=\"wp-block-image\">\n<figure class=\"aligncenter size-full\"><img loading=\"lazy\" decoding=\"async\" width=\"697\" height=\"474\" src=\"http:\/\/primermomento.com\/wp-content\/uploads\/2022\/08\/image-6.png\" alt=\"\" class=\"wp-image-368147\" srcset=\"https:\/\/primermomento.com\/wp-content\/uploads\/2022\/08\/image-6.png 697w, https:\/\/primermomento.com\/wp-content\/uploads\/2022\/08\/image-6-300x204.png 300w, https:\/\/primermomento.com\/wp-content\/uploads\/2022\/08\/image-6-73x50.png 73w, https:\/\/primermomento.com\/wp-content\/uploads\/2022\/08\/image-6-500x340.png 500w, https:\/\/primermomento.com\/wp-content\/uploads\/2022\/08\/image-6-280x190.png 280w, https:\/\/primermomento.com\/wp-content\/uploads\/2022\/08\/image-6-60x40.png 60w, https:\/\/primermomento.com\/wp-content\/uploads\/2022\/08\/image-6-638x434.png 638w, https:\/\/primermomento.com\/wp-content\/uploads\/2022\/08\/image-6-118x80.png 118w, https:\/\/primermomento.com\/wp-content\/uploads\/2022\/08\/image-6-479x326.png 479w\" sizes=\"auto, (max-width: 697px) 100vw, 697px\" \/><\/figure>\n<\/div>\n\n\n<p class=\"wp-block-paragraph\">CAPOTILLO, Rep\u00fablica Dominicana.- Con la presencia del presidente de la Rep\u00fablica, Luis Abinader, la Presidencia de la Rep\u00fablica, a trav\u00e9s de la Comisi\u00f3n Permanente de Efem\u00e9rides Patrias, conmemora con un emotivo y vistoso acto, el159 aniversario de la Restauraci\u00f3n de la Rep\u00fablica, en Capotillo provincia Dajab\u00f3n.<\/p>\n\n\n\n<p class=\"wp-block-paragraph\">El presidente de la Comisi\u00f3n Permanente de Efem\u00e9rides Patrias, Juan Pablo Uribe, al ofrecer el discurso de rigor, resalt\u00f3 que celebrar el 159 aniversario de la Restauraci\u00f3n de la Rep\u00fablica con verdadero fervor patri\u00f3tico, que se afianza con realismo constructivo en el presente, y mira con optimismo concreto el futuro, en el lugar donde se pronunci\u00f3 el glorioso grito independentista y nacionalista del 16 de agosto de 1863, es un acto de inconmensurable valor simb\u00f3lico que organiza el gobierno dominicano, para continuar promoviendo los valores patrios que nos engrandecen como naci\u00f3n.<\/p>\n\n\n\n<p class=\"wp-block-paragraph\">Fue categ\u00f3rico al explicar que el 16 de agosto de 1863, en Cerro Capotillo, geograf\u00eda de lo que es hoy la provincia Dajab\u00f3n, catorce patriotas protagonizaron lo que se conoce en la historia como el Grito de Capotillo, que marc\u00f3 el inicio de la guerra popular y anticolonial contra el imperio espa\u00f1ol y la anexi\u00f3n propiciada por la egolatr\u00eda y la traici\u00f3n de Pedro Santana y sus partidarios sin fe, ni honra, en el destino del pa\u00eds que naci\u00f3 el 27 de febrero de 1844.<\/p>\n\n\n\n<p class=\"wp-block-paragraph\">Uribe sostuvo que \u201cEstos prohombres que recordamos hoy con gratitud, porque la memoria hist\u00f3rica y el culto a los h\u00e9roes es parte del car\u00e1cter moral de un pueblo, son: Santiago Rodr\u00edguez, Benito Monci\u00f3n, Alejandro Bueno, Eugenio Belliard, Segundo Rivas, Pablo Reyes, San Mezquita, Tom\u00e1s Aquilino Rodr\u00edguez, Jos\u00e9 Cabrera, Sotero Blan, Juan de la Cruz \u00c1lvarez y un patriota desconocido.&nbsp; Ellos encendieron el fuego dominicanista que dos a\u00f1os despu\u00e9s, Julio de 1865, se coronar\u00eda victorioso, restableciendo la existencia org\u00e1nica e institucional de la Rep\u00fablica Dominicana\u201d.<\/p>\n\n\n\n<p class=\"wp-block-paragraph\">Describi\u00f3 que la participaci\u00f3n del Presidente Luis Abinader<strong>,<\/strong>&nbsp;encabezando esta fiesta de la patria, es hist\u00f3rica, primera vez en d\u00e9cadas que el Jefe del Estado decide con su presencia redimensionar El Grito de Capotillo Restaurador con un poderoso mensaje patri\u00f3tico en tiempos cr\u00edticos y dif\u00edciles para el mundo, y de desaf\u00edos insulares para la dominicanidad.<\/p>\n\n\n\n<p class=\"wp-block-paragraph\">\u201cPor primera vez un desfile c\u00edvico-militar del patriotismo restaurador en el hist\u00f3rico Capotillo, en la frontera, donde se construye la obra trascendental de la verja de seguridad nacional, siendo coherente con lo planteado en la 76 &nbsp;Asamblea General de la ONU y en la Cumbre de las Am\u00e9ricas y en todos los foros donde es necesario plantear nuestra soberan\u00eda, autodeterminaci\u00f3n y dominicanidad.&nbsp; Es, reitero, un mensaje claro, inequ\u00edvoco y poderoso, aqu\u00ed, en la frontera donde comienza la patria\u201d, apunt\u00f3.<\/p>\n\n\n\n<p class=\"wp-block-paragraph\">Concluy\u00f3 diciendo que el homenaje perenne al pueblo heroico que combati\u00f3 por la Restauraci\u00f3n de la Rep\u00fablica, hace 159 a\u00f1os, es seguir viviendo y manteniendo en alto el lema sacrosanto de la dominicanidad: \u00a1Dios, Patria y Libertad!<\/p>\n","protected":false},"excerpt":{"rendered":"<p>CAPOTILLO, Rep\u00fablica Dominicana.- Con la presencia del presidente de la Rep\u00fablica, Luis Abinader, la Presidencia de la Rep\u00fablica, a trav\u00e9s de la Comisi\u00f3n Permanente de Efem\u00e9rides Patrias, conmemora con un emotivo y vistoso acto, el159 aniversario de la Restauraci\u00f3n de la Rep\u00fablica, en Capotillo provincia Dajab\u00f3n. El presidente de la Comisi\u00f3n Permanente de Efem\u00e9rides Patrias, [&hellip;]<\/p>\n","protected":false},"author":1,"featured_media":0,"comment_status":"open","ping_status":"open","sticky":false,"template":"","format":"standard","meta":{"_bbp_topic_count":0,"_bbp_reply_count":0,"_bbp_total_topic_count":0,"_bbp_total_reply_count":0,"_bbp_voice_count":0,"_bbp_anonymous_reply_count":0,"_bbp_topic_count_hidden":0,"_bbp_reply_count_hidden":0,"_bbp_forum_subforum_count":0,"footnotes":""},"categories":[59,60],"tags":[],"class_list":["post-368145","post","type-post","status-publish","format-standard","category-foto-del-dia","category-titulares-del-dia"],"_links":{"self":[{"href":"https:\/\/primermomento.com\/index.php?rest_route=\/wp\/v2\/posts\/368145","targetHints":{"allow":["GET"]}}],"collection":[{"href":"https:\/\/primermomento.com\/index.php?rest_route=\/wp\/v2\/posts"}],"about":[{"href":"https:\/\/primermomento.com\/index.php?rest_route=\/wp\/v2\/types\/post"}],"author":[{"embeddable":true,"href":"https:\/\/primermomento.com\/index.php?rest_route=\/wp\/v2\/users\/1"}],"replies":[{"embeddable":true,"href":"https:\/\/primermomento.com\/index.php?rest_route=%2Fwp%2Fv2%2Fcomments&post=368145"}],"version-history":[{"count":1,"href":"https:\/\/primermomento.com\/index.php?rest_route=\/wp\/v2\/posts\/368145\/revisions"}],"predecessor-version":[{"id":368148,"href":"https:\/\/primermomento.com\/index.php?rest_route=\/wp\/v2\/posts\/368145\/revisions\/368148"}],"wp:attachment":[{"href":"https:\/\/primermomento.com\/index.php?rest_route=%2Fwp%2Fv2%2Fmedia&parent=368145"}],"wp:term":[{"taxonomy":"category","embeddable":true,"href":"https:\/\/primermomento.com\/index.php?rest_route=%2Fwp%2Fv2%2Fcategories&post=368145"},{"taxonomy":"post_tag","embeddable":true,"href":"https:\/\/primermomento.com\/index.php?rest_route=%2Fwp%2Fv2%2Ftags&post=368145"}],"curies":[{"name":"wp","href":"https:\/\/api.w.org\/{rel}","templated":true}]}}