{"id":368162,"date":"2022-08-16T07:28:00","date_gmt":"2022-08-16T11:28:00","guid":{"rendered":"http:\/\/primermomento.com\/?p=368162"},"modified":"2022-08-16T17:31:46","modified_gmt":"2022-08-16T21:31:46","slug":"cadena-televisiva-hbo-estrenara-documental-sobre-huracan-katrina","status":"publish","type":"post","link":"https:\/\/primermomento.com\/?p=368162","title":{"rendered":"Cadena televisiva HBO estrenar\u00e1 documental sobre hurac\u00e1n Katrina"},"content":{"rendered":"\n<p class=\"wp-block-paragraph\">WASHINGTON, EEUU.- La cadena televisiva HBO incluye hoy en su agenda el estreno del documental Hijos del Katrina, el cual retrata las secuelas del hurac\u00e1n que azot\u00f3 hace 16 a\u00f1os el territorio estadounidense.<\/p>\n\n\n<div class=\"wp-block-image\">\n<figure class=\"aligncenter size-full\"><img loading=\"lazy\" decoding=\"async\" width=\"676\" height=\"507\" src=\"http:\/\/primermomento.com\/wp-content\/uploads\/2022\/08\/documental-Hijos-del-Katrina1.jpg\" alt=\"\" class=\"wp-image-368163\" srcset=\"https:\/\/primermomento.com\/wp-content\/uploads\/2022\/08\/documental-Hijos-del-Katrina1.jpg 676w, https:\/\/primermomento.com\/wp-content\/uploads\/2022\/08\/documental-Hijos-del-Katrina1-300x225.jpg 300w, https:\/\/primermomento.com\/wp-content\/uploads\/2022\/08\/documental-Hijos-del-Katrina1-120x90.jpg 120w, https:\/\/primermomento.com\/wp-content\/uploads\/2022\/08\/documental-Hijos-del-Katrina1-500x375.jpg 500w, https:\/\/primermomento.com\/wp-content\/uploads\/2022\/08\/documental-Hijos-del-Katrina1-280x210.jpg 280w, https:\/\/primermomento.com\/wp-content\/uploads\/2022\/08\/documental-Hijos-del-Katrina1-638x479.jpg 638w, https:\/\/primermomento.com\/wp-content\/uploads\/2022\/08\/documental-Hijos-del-Katrina1-118x89.jpg 118w, https:\/\/primermomento.com\/wp-content\/uploads\/2022\/08\/documental-Hijos-del-Katrina1-479x359.jpg 479w\" sizes=\"auto, (max-width: 676px) 100vw, 676px\" \/><\/figure>\n<\/div>\n\n\n<p class=\"wp-block-paragraph\">Con fecha pactada para el 25 de agosto, el lanzamiento del audiovisual constituir\u00e1 una oportunidad para recordar el impacto del fen\u00f3meno natural, que golpe\u00f3 con furia Nueva Orleans por esa fecha del a\u00f1o 2005.<\/p>\n\n\n\n<p class=\"wp-block-paragraph\">Seg\u00fan los datos del Centro Nacional de Huracanes en el pa\u00eds norteamericano, el hurac\u00e1n categor\u00eda cinco en la escala Saffir-Simpson ocasion\u00f3 la muerte de mil 536 personas, un mill\u00f3n y medio de damnificados y p\u00e9rdidas econ\u00f3micas valoradas en 120 mil millones de d\u00f3lares.<\/p>\n\n\n\n<p class=\"wp-block-paragraph\">Dirigido por Edward Buckles Jr., el filme deviene tambi\u00e9n un viaje de regreso a la infancia del realizador, que fue testigo a los 13 a\u00f1os del impacto de Katrina cuando golpe\u00f3 su ciudad natal durante cuatro d\u00edas, rese\u00f1a la p\u00e1gina oficial de HBO Max.<\/p>\n\n\n\n<p class=\"wp-block-paragraph\">Basado en las tradiciones de narraci\u00f3n oral de su comunidad, el cineasta recopil\u00f3 durante siete a\u00f1os las historias de infantes sobrevivientes a la tormenta, que fueron evacuados a refugios o viviendas temporales.<\/p>\n\n\n\n<p class=\"wp-block-paragraph\">La cinta conjuga materiales de archivo, im\u00e1genes caseras, animaci\u00f3n y testimonios, en aras de ofrecer un relato coherente en torno a la recuperaci\u00f3n de la ciudad y \u00ablos traumas de ser negro y privado de derechos en Estados Unidos\u00bb, apuntaron sus autores en un comunicado.<\/p>\n\n\n\n<p class=\"wp-block-paragraph\">Hijos del Katrina retrata a las familias unidas y las vibrantes comunidades de Nueva Orleans cuyas vidas fueron desarraigadas por el desastre, ni\u00f1os transportados fuera de las aguas y abandonados, p\u00e9rdidas, desplazamientos y falta de apoyo del gobierno, detalla el texto.<\/p>\n\n\n\n<p class=\"wp-block-paragraph\">El documental viaja hacia la curaci\u00f3n, no solo de la tormenta, sino tambi\u00e9n de los traumas multigeneracionales, ante el racismo sist\u00e9mico, la negligencia gubernamental y el dolor no procesado de las separaciones familiares.<\/p>\n\n\n\n<p class=\"has-text-align-right wp-block-paragraph\"><em>PL<\/em><\/p>\n","protected":false},"excerpt":{"rendered":"<p>WASHINGTON, EEUU.- La cadena televisiva HBO incluye hoy en su agenda el estreno del documental Hijos del Katrina, el cual retrata las secuelas del hurac\u00e1n que azot\u00f3 hace 16 a\u00f1os el territorio estadounidense. Con fecha pactada para el 25 de agosto, el lanzamiento del audiovisual constituir\u00e1 una oportunidad para recordar el impacto del fen\u00f3meno natural, [&hellip;]<\/p>\n","protected":false},"author":1,"featured_media":0,"comment_status":"open","ping_status":"open","sticky":false,"template":"","format":"standard","meta":{"_bbp_topic_count":0,"_bbp_reply_count":0,"_bbp_total_topic_count":0,"_bbp_total_reply_count":0,"_bbp_voice_count":0,"_bbp_anonymous_reply_count":0,"_bbp_topic_count_hidden":0,"_bbp_reply_count_hidden":0,"_bbp_forum_subforum_count":0,"footnotes":""},"categories":[39,60],"tags":[],"class_list":["post-368162","post","type-post","status-publish","format-standard","category-entretenimiento","category-titulares-del-dia"],"_links":{"self":[{"href":"https:\/\/primermomento.com\/index.php?rest_route=\/wp\/v2\/posts\/368162","targetHints":{"allow":["GET"]}}],"collection":[{"href":"https:\/\/primermomento.com\/index.php?rest_route=\/wp\/v2\/posts"}],"about":[{"href":"https:\/\/primermomento.com\/index.php?rest_route=\/wp\/v2\/types\/post"}],"author":[{"embeddable":true,"href":"https:\/\/primermomento.com\/index.php?rest_route=\/wp\/v2\/users\/1"}],"replies":[{"embeddable":true,"href":"https:\/\/primermomento.com\/index.php?rest_route=%2Fwp%2Fv2%2Fcomments&post=368162"}],"version-history":[{"count":1,"href":"https:\/\/primermomento.com\/index.php?rest_route=\/wp\/v2\/posts\/368162\/revisions"}],"predecessor-version":[{"id":368164,"href":"https:\/\/primermomento.com\/index.php?rest_route=\/wp\/v2\/posts\/368162\/revisions\/368164"}],"wp:attachment":[{"href":"https:\/\/primermomento.com\/index.php?rest_route=%2Fwp%2Fv2%2Fmedia&parent=368162"}],"wp:term":[{"taxonomy":"category","embeddable":true,"href":"https:\/\/primermomento.com\/index.php?rest_route=%2Fwp%2Fv2%2Fcategories&post=368162"},{"taxonomy":"post_tag","embeddable":true,"href":"https:\/\/primermomento.com\/index.php?rest_route=%2Fwp%2Fv2%2Ftags&post=368162"}],"curies":[{"name":"wp","href":"https:\/\/api.w.org\/{rel}","templated":true}]}}