{"id":368972,"date":"2022-09-01T14:51:11","date_gmt":"2022-09-01T18:51:11","guid":{"rendered":"http:\/\/primermomento.com\/?p=368972"},"modified":"2022-09-01T14:51:12","modified_gmt":"2022-09-01T18:51:12","slug":"banl-culltura-imparte-taller-dramatico-aprendo-teatro","status":"publish","type":"post","link":"https:\/\/primermomento.com\/?p=368972","title":{"rendered":"BAN\u013a | Culltura imparte taller dram\u00e1tico \u00abAprendo Teatro\u00bb"},"content":{"rendered":"\n<p class=\"wp-block-paragraph\">BAN\u013a, Rep\u00fablica Dominicana.- Con motivo al 44 aniversario del departamento de Cultura del Ayuntamiento de Ban\u00ed, el director de la citada dependencia Saulo Betances, efectu\u00f3 un taller dram\u00e1tico titulado: \u201cAprendo Teatro\u201d impartido por el profesor de la escuela de Bellas Artes Jaime Betances.<\/p>\n\n\n<div class=\"wp-block-image\">\n<figure class=\"aligncenter size-full\"><img loading=\"lazy\" decoding=\"async\" width=\"596\" height=\"398\" src=\"http:\/\/primermomento.com\/wp-content\/uploads\/2022\/09\/TALLER-DE-TEATRO.jpg\" alt=\"\" class=\"wp-image-368973\" srcset=\"https:\/\/primermomento.com\/wp-content\/uploads\/2022\/09\/TALLER-DE-TEATRO.jpg 596w, https:\/\/primermomento.com\/wp-content\/uploads\/2022\/09\/TALLER-DE-TEATRO-300x200.jpg 300w, https:\/\/primermomento.com\/wp-content\/uploads\/2022\/09\/TALLER-DE-TEATRO-73x50.jpg 73w, https:\/\/primermomento.com\/wp-content\/uploads\/2022\/09\/TALLER-DE-TEATRO-500x334.jpg 500w, https:\/\/primermomento.com\/wp-content\/uploads\/2022\/09\/TALLER-DE-TEATRO-280x187.jpg 280w, https:\/\/primermomento.com\/wp-content\/uploads\/2022\/09\/TALLER-DE-TEATRO-60x40.jpg 60w, https:\/\/primermomento.com\/wp-content\/uploads\/2022\/09\/TALLER-DE-TEATRO-118x79.jpg 118w, https:\/\/primermomento.com\/wp-content\/uploads\/2022\/09\/TALLER-DE-TEATRO-479x320.jpg 479w\" sizes=\"auto, (max-width: 596px) 100vw, 596px\" \/><\/figure>\n<\/div>\n\n\n<p class=\"wp-block-paragraph\">Fueron un aproximado de 50 ni\u00f1os de diferentes edades los que asistieron al taller donde les fue mostrado un audiovisual, que detallaba las evoluciones que ha tenido este recinto, que por muchos a\u00f1os ha sido cuna de grandes gestores culturales, quienes con sus conocimientos han aportado al sector cultural y sobre todo, han contribuido a su expansi\u00f3n.<\/p>\n\n\n\n<p class=\"wp-block-paragraph\">Seg\u00fan manifest\u00f3 el tambi\u00e9n el representante de dicho espacio, al hacer una breve rese\u00f1a sobre la historia de los Dptos. De Cultura, sostuvo que fue instaurado un 16 de agosto en el a\u00f1o 1978 en la gesti\u00f3n del entonces alcalde Vicente Castillo, cuando solo exist\u00edan los cargos de encargada de Educaci\u00f3n, Artes y Cultura en la actualidad las cosas son distintas pues solo existen el encargado, un subdirector y la secretaria.<\/p>\n\n\n\n<p class=\"wp-block-paragraph\">Present\u00f3 el personal de trabajo con el que trabaja arduamente y de forma constantes para lograr los objetivos trazados en su posici\u00f3n, entre ellos Marlenis D\u00edaz encargada de Bellas Artes, la directora de la Biblioteca Municipal Felicia Batista, su secretaria Aracelis Rodr\u00edguez, el subdirector Eliecer Peguero, entre otros que forman parte de su gran equipo de colaboradores.<\/p>\n","protected":false},"excerpt":{"rendered":"<p>BAN\u013a, Rep\u00fablica Dominicana.- Con motivo al 44 aniversario del departamento de Cultura del Ayuntamiento de Ban\u00ed, el director de la citada dependencia Saulo Betances, efectu\u00f3 un taller dram\u00e1tico titulado: \u201cAprendo Teatro\u201d impartido por el profesor de la escuela de Bellas Artes Jaime Betances. Fueron un aproximado de 50 ni\u00f1os de diferentes edades los que asistieron [&hellip;]<\/p>\n","protected":false},"author":1,"featured_media":0,"comment_status":"open","ping_status":"open","sticky":false,"template":"","format":"standard","meta":{"_bbp_topic_count":0,"_bbp_reply_count":0,"_bbp_total_topic_count":0,"_bbp_total_reply_count":0,"_bbp_voice_count":0,"_bbp_anonymous_reply_count":0,"_bbp_topic_count_hidden":0,"_bbp_reply_count_hidden":0,"_bbp_forum_subforum_count":0,"footnotes":""},"categories":[39,60],"tags":[],"class_list":["post-368972","post","type-post","status-publish","format-standard","category-entretenimiento","category-titulares-del-dia"],"_links":{"self":[{"href":"https:\/\/primermomento.com\/index.php?rest_route=\/wp\/v2\/posts\/368972","targetHints":{"allow":["GET"]}}],"collection":[{"href":"https:\/\/primermomento.com\/index.php?rest_route=\/wp\/v2\/posts"}],"about":[{"href":"https:\/\/primermomento.com\/index.php?rest_route=\/wp\/v2\/types\/post"}],"author":[{"embeddable":true,"href":"https:\/\/primermomento.com\/index.php?rest_route=\/wp\/v2\/users\/1"}],"replies":[{"embeddable":true,"href":"https:\/\/primermomento.com\/index.php?rest_route=%2Fwp%2Fv2%2Fcomments&post=368972"}],"version-history":[{"count":1,"href":"https:\/\/primermomento.com\/index.php?rest_route=\/wp\/v2\/posts\/368972\/revisions"}],"predecessor-version":[{"id":368974,"href":"https:\/\/primermomento.com\/index.php?rest_route=\/wp\/v2\/posts\/368972\/revisions\/368974"}],"wp:attachment":[{"href":"https:\/\/primermomento.com\/index.php?rest_route=%2Fwp%2Fv2%2Fmedia&parent=368972"}],"wp:term":[{"taxonomy":"category","embeddable":true,"href":"https:\/\/primermomento.com\/index.php?rest_route=%2Fwp%2Fv2%2Fcategories&post=368972"},{"taxonomy":"post_tag","embeddable":true,"href":"https:\/\/primermomento.com\/index.php?rest_route=%2Fwp%2Fv2%2Ftags&post=368972"}],"curies":[{"name":"wp","href":"https:\/\/api.w.org\/{rel}","templated":true}]}}