{"id":369020,"date":"2022-09-02T09:55:16","date_gmt":"2022-09-02T13:55:16","guid":{"rendered":"http:\/\/primermomento.com\/?p=369020"},"modified":"2022-09-02T16:43:41","modified_gmt":"2022-09-02T20:43:41","slug":"ces-mantiene-aporte-del-cuatro-por-ciento-del-pib-a-educacion","status":"publish","type":"post","link":"https:\/\/primermomento.com\/?p=369020","title":{"rendered":"CES mantiene aporte del cuatro por ciento del PIB a educaci\u00f3n"},"content":{"rendered":"\n<p>SANTO DOMINGO, Rep\u00fablica Dominicana.- El Consejo Econ\u00f3mico y Social dominicano celebr\u00f3 la XVI Asamblea del Pacto para la Reforma Educativa, donde fue planteada la necesidad de mantener el cuatro por ciento del PIB a la educaci\u00f3n, se divulg\u00f3 hoy.<\/p>\n\n\n<div class=\"wp-block-image\">\n<figure class=\"aligncenter size-full\"><img loading=\"lazy\" decoding=\"async\" width=\"748\" height=\"498\" src=\"http:\/\/primermomento.com\/wp-content\/uploads\/2020\/01\/00-dsh-educacion-republica-dominicana.jpg\" alt=\"\" class=\"wp-image-324319\" srcset=\"https:\/\/primermomento.com\/wp-content\/uploads\/2020\/01\/00-dsh-educacion-republica-dominicana.jpg 748w, https:\/\/primermomento.com\/wp-content\/uploads\/2020\/01\/00-dsh-educacion-republica-dominicana-300x200.jpg 300w, https:\/\/primermomento.com\/wp-content\/uploads\/2020\/01\/00-dsh-educacion-republica-dominicana-73x50.jpg 73w, https:\/\/primermomento.com\/wp-content\/uploads\/2020\/01\/00-dsh-educacion-republica-dominicana-500x333.jpg 500w, https:\/\/primermomento.com\/wp-content\/uploads\/2020\/01\/00-dsh-educacion-republica-dominicana-280x186.jpg 280w, https:\/\/primermomento.com\/wp-content\/uploads\/2020\/01\/00-dsh-educacion-republica-dominicana-60x40.jpg 60w, https:\/\/primermomento.com\/wp-content\/uploads\/2020\/01\/00-dsh-educacion-republica-dominicana-638x425.jpg 638w, https:\/\/primermomento.com\/wp-content\/uploads\/2020\/01\/00-dsh-educacion-republica-dominicana-118x79.jpg 118w, https:\/\/primermomento.com\/wp-content\/uploads\/2020\/01\/00-dsh-educacion-republica-dominicana-479x319.jpg 479w\" sizes=\"auto, (max-width: 748px) 100vw, 748px\" \/><\/figure>\n<\/div>\n\n\n<p>Asimismo, fue presentado por el Ministerio de Educaci\u00f3n los cuatro ejes de su visi\u00f3n sobre la pol\u00edtica educativa.<\/p>\n\n\n\n<p>En el encuentro, el ministro del ramo, \u00c1ngel Hern\u00e1ndez, se\u00f1al\u00f3 que los cuatro ejes a cumplir en su gesti\u00f3n son el fortalecimiento de primero a cuarto grado de primaria; profundizar la gesti\u00f3n educativa; establecer comisiones de trabajo para cuatro \u00e1reas de desarrollo y mantener un contacto con las instituciones relacionadas del sector.<\/p>\n\n\n\n<p>Por su parte, Juan Valdez y Laura Abreu, coordinadores de la Comisi\u00f3n, presentaron la hoja de ruta para los pr\u00f3ximos tres meses de la asamblea y fue acogido efectuar un seminario taller el 20 de octubre pr\u00f3ximo para evaluar los cumplimientos del pacto.<\/p>\n\n\n\n<p class=\"has-text-align-right\"><em>PL<\/em><\/p>\n","protected":false},"excerpt":{"rendered":"<p>SANTO DOMINGO, Rep\u00fablica Dominicana.- El Consejo Econ\u00f3mico y Social dominicano celebr\u00f3 la XVI Asamblea del Pacto para la Reforma Educativa, donde fue planteada la necesidad de mantener el cuatro por ciento del PIB a la educaci\u00f3n, se divulg\u00f3 hoy. Asimismo, fue presentado por el Ministerio de Educaci\u00f3n los cuatro ejes de su visi\u00f3n sobre la [&hellip;]<\/p>\n","protected":false},"author":1,"featured_media":0,"comment_status":"open","ping_status":"open","sticky":false,"template":"","format":"standard","meta":{"_bbp_topic_count":0,"_bbp_reply_count":0,"_bbp_total_topic_count":0,"_bbp_total_reply_count":0,"_bbp_voice_count":0,"_bbp_anonymous_reply_count":0,"_bbp_topic_count_hidden":0,"_bbp_reply_count_hidden":0,"_bbp_forum_subforum_count":0,"footnotes":""},"categories":[35,60],"tags":[],"class_list":{"0":"post-369020","1":"post","2":"type-post","3":"status-publish","4":"format-standard","6":"category-economia","7":"category-titulares-del-dia"},"_links":{"self":[{"href":"https:\/\/primermomento.com\/index.php?rest_route=\/wp\/v2\/posts\/369020","targetHints":{"allow":["GET"]}}],"collection":[{"href":"https:\/\/primermomento.com\/index.php?rest_route=\/wp\/v2\/posts"}],"about":[{"href":"https:\/\/primermomento.com\/index.php?rest_route=\/wp\/v2\/types\/post"}],"author":[{"embeddable":true,"href":"https:\/\/primermomento.com\/index.php?rest_route=\/wp\/v2\/users\/1"}],"replies":[{"embeddable":true,"href":"https:\/\/primermomento.com\/index.php?rest_route=%2Fwp%2Fv2%2Fcomments&post=369020"}],"version-history":[{"count":1,"href":"https:\/\/primermomento.com\/index.php?rest_route=\/wp\/v2\/posts\/369020\/revisions"}],"predecessor-version":[{"id":369021,"href":"https:\/\/primermomento.com\/index.php?rest_route=\/wp\/v2\/posts\/369020\/revisions\/369021"}],"wp:attachment":[{"href":"https:\/\/primermomento.com\/index.php?rest_route=%2Fwp%2Fv2%2Fmedia&parent=369020"}],"wp:term":[{"taxonomy":"category","embeddable":true,"href":"https:\/\/primermomento.com\/index.php?rest_route=%2Fwp%2Fv2%2Fcategories&post=369020"},{"taxonomy":"post_tag","embeddable":true,"href":"https:\/\/primermomento.com\/index.php?rest_route=%2Fwp%2Fv2%2Ftags&post=369020"}],"curies":[{"name":"wp","href":"https:\/\/api.w.org\/{rel}","templated":true}]}}