{"id":369173,"date":"2022-09-05T10:26:00","date_gmt":"2022-09-05T14:26:00","guid":{"rendered":"http:\/\/primermomento.com\/?p=369173"},"modified":"2022-09-05T15:28:37","modified_gmt":"2022-09-05T19:28:37","slug":"nueva-serie-televisiva-retrata-vida-de-boxeador-mike-tyson","status":"publish","type":"post","link":"https:\/\/primermomento.com\/?p=369173","title":{"rendered":"Nueva serie televisiva retrata vida de boxeador Mike Tyson"},"content":{"rendered":"\n<p class=\"wp-block-paragraph\">WASHINGTON, EEUU.- El boxeador estadounidense doble ganador mundial de pesos pesados Mike Tyson regresa hoy al cuadril\u00e1tero a trav\u00e9s de las im\u00e1genes de la nueva serie televisiva Mike, dirigida por Steven Rogers.<\/p>\n\n\n<div class=\"wp-block-image\">\n<figure class=\"aligncenter size-full\"><img loading=\"lazy\" decoding=\"async\" width=\"1024\" height=\"768\" src=\"http:\/\/primermomento.com\/wp-content\/uploads\/2022\/09\/serie-televisiva-Mike.jpg\" alt=\"\" class=\"wp-image-369174\" srcset=\"https:\/\/primermomento.com\/wp-content\/uploads\/2022\/09\/serie-televisiva-Mike.jpg 1024w, https:\/\/primermomento.com\/wp-content\/uploads\/2022\/09\/serie-televisiva-Mike-300x225.jpg 300w, https:\/\/primermomento.com\/wp-content\/uploads\/2022\/09\/serie-televisiva-Mike-768x576.jpg 768w, https:\/\/primermomento.com\/wp-content\/uploads\/2022\/09\/serie-televisiva-Mike-120x90.jpg 120w, https:\/\/primermomento.com\/wp-content\/uploads\/2022\/09\/serie-televisiva-Mike-500x375.jpg 500w, https:\/\/primermomento.com\/wp-content\/uploads\/2022\/09\/serie-televisiva-Mike-280x210.jpg 280w, https:\/\/primermomento.com\/wp-content\/uploads\/2022\/09\/serie-televisiva-Mike-638x479.jpg 638w, https:\/\/primermomento.com\/wp-content\/uploads\/2022\/09\/serie-televisiva-Mike-118x89.jpg 118w, https:\/\/primermomento.com\/wp-content\/uploads\/2022\/09\/serie-televisiva-Mike-479x359.jpg 479w\" sizes=\"auto, (max-width: 1024px) 100vw, 1024px\" \/><\/figure>\n<\/div>\n\n\n<p class=\"wp-block-paragraph\">La plataforma Disney+ acoger\u00e1 el estreno de la producci\u00f3n el pr\u00f3ximo 8 de septiembre, de la mano de un elenco integrado por Trevante Rhodes, Russell Hornsby, Harvey Keitel, Laura Harrier, Li Eubanks, Olunike Adeliyi y B.J. Menor, informa la plataforma de streaming.<\/p>\n\n\n\n<p class=\"wp-block-paragraph\">A lo largo de ocho episodios, la entrega repasar\u00e1 la existencia del p\u00fagil, integrante del Sal\u00f3n Internacional de la Fama del Boxeo desde junio de 2011, protagonista de una controvertida trayectoria, marcada por sucesos violentos y un vertiginoso ascenso a la fama.<\/p>\n\n\n\n<p class=\"wp-block-paragraph\">Seg\u00fan anuncia la plataforma, la entrega examina la problem\u00e1tica de las clases sociales, raza, fama y el poder de los medios, en tanto pone el foco en la vida de Tyson, quien denunci\u00f3, desde la red social Twitter, el uso de la pel\u00edcula documental Undisputed Truth como tel\u00f3n de fondo para difundir su verdad sin autorizaci\u00f3n.<\/p>\n\n\n\n<p class=\"wp-block-paragraph\">Este es \u201cun ejemplo perfecto de c\u00f3mo la avaricia corporativa de Hulu llev\u00f3 a esta insensible apropiaci\u00f3n cultural de la historia vital de Tyson, Hollywood necesita ser m\u00e1s sensible a las experiencias negras especialmente tras todo lo que ocurri\u00f3 en 2020\u201d, apunt\u00f3 el boxeador de 56 a\u00f1os, en un comunicado en la red social Instagram.<\/p>\n\n\n\n<p class=\"wp-block-paragraph\">El pasado a\u00f1o lleg\u00f3 a las pantallas y con el consentimiento del boxeador, Tyson, una serie realizada por Antoine Fuquam, con Martin Scorsese como uno de los productores y protagonizada por el ganador del Oscar a mejor actor en 2004, Jamie Foxx.<\/p>\n\n\n\n<p class=\"has-text-align-right wp-block-paragraph\"><em>PL<\/em><\/p>\n","protected":false},"excerpt":{"rendered":"<p>WASHINGTON, EEUU.- El boxeador estadounidense doble ganador mundial de pesos pesados Mike Tyson regresa hoy al cuadril\u00e1tero a trav\u00e9s de las im\u00e1genes de la nueva serie televisiva Mike, dirigida por Steven Rogers. La plataforma Disney+ acoger\u00e1 el estreno de la producci\u00f3n el pr\u00f3ximo 8 de septiembre, de la mano de un elenco integrado por Trevante [&hellip;]<\/p>\n","protected":false},"author":1,"featured_media":0,"comment_status":"open","ping_status":"open","sticky":false,"template":"","format":"standard","meta":{"_bbp_topic_count":0,"_bbp_reply_count":0,"_bbp_total_topic_count":0,"_bbp_total_reply_count":0,"_bbp_voice_count":0,"_bbp_anonymous_reply_count":0,"_bbp_topic_count_hidden":0,"_bbp_reply_count_hidden":0,"_bbp_forum_subforum_count":0,"footnotes":""},"categories":[39,60],"tags":[],"class_list":["post-369173","post","type-post","status-publish","format-standard","category-entretenimiento","category-titulares-del-dia"],"_links":{"self":[{"href":"https:\/\/primermomento.com\/index.php?rest_route=\/wp\/v2\/posts\/369173","targetHints":{"allow":["GET"]}}],"collection":[{"href":"https:\/\/primermomento.com\/index.php?rest_route=\/wp\/v2\/posts"}],"about":[{"href":"https:\/\/primermomento.com\/index.php?rest_route=\/wp\/v2\/types\/post"}],"author":[{"embeddable":true,"href":"https:\/\/primermomento.com\/index.php?rest_route=\/wp\/v2\/users\/1"}],"replies":[{"embeddable":true,"href":"https:\/\/primermomento.com\/index.php?rest_route=%2Fwp%2Fv2%2Fcomments&post=369173"}],"version-history":[{"count":1,"href":"https:\/\/primermomento.com\/index.php?rest_route=\/wp\/v2\/posts\/369173\/revisions"}],"predecessor-version":[{"id":369175,"href":"https:\/\/primermomento.com\/index.php?rest_route=\/wp\/v2\/posts\/369173\/revisions\/369175"}],"wp:attachment":[{"href":"https:\/\/primermomento.com\/index.php?rest_route=%2Fwp%2Fv2%2Fmedia&parent=369173"}],"wp:term":[{"taxonomy":"category","embeddable":true,"href":"https:\/\/primermomento.com\/index.php?rest_route=%2Fwp%2Fv2%2Fcategories&post=369173"},{"taxonomy":"post_tag","embeddable":true,"href":"https:\/\/primermomento.com\/index.php?rest_route=%2Fwp%2Fv2%2Ftags&post=369173"}],"curies":[{"name":"wp","href":"https:\/\/api.w.org\/{rel}","templated":true}]}}