{"id":369376,"date":"2022-09-08T15:19:58","date_gmt":"2022-09-08T19:19:58","guid":{"rendered":"http:\/\/primermomento.com\/?p=369376"},"modified":"2022-09-08T17:43:02","modified_gmt":"2022-09-08T21:43:02","slug":"murio-la-reina-isabel-ii-reino-unido-de-luto","status":"publish","type":"post","link":"https:\/\/primermomento.com\/?p=369376","title":{"rendered":"Muri\u00f3 la reina Isabel II, Reino Unido de luto"},"content":{"rendered":"\n<p>LONDRES, Inglaterra.- La reina Isabel II falleci\u00f3 hoy a los 96 a\u00f1os de edad, dejando as\u00ed un <a href=\"https:\/\/www.youtube.com\/embed\/7MmlQXUykhQ\">largo reinado de siete d\u00e9cadas<\/a>, anunci\u00f3 el palacio de Buckingham.<\/p>\n\n\n<div class=\"wp-block-image\">\n<figure class=\"aligncenter size-full\"><img loading=\"lazy\" decoding=\"async\" width=\"1024\" height=\"768\" src=\"http:\/\/primermomento.com\/wp-content\/uploads\/2022\/09\/reina-isabel.jpg\" alt=\"\" class=\"wp-image-369377\" srcset=\"https:\/\/primermomento.com\/wp-content\/uploads\/2022\/09\/reina-isabel.jpg 1024w, https:\/\/primermomento.com\/wp-content\/uploads\/2022\/09\/reina-isabel-300x225.jpg 300w, https:\/\/primermomento.com\/wp-content\/uploads\/2022\/09\/reina-isabel-768x576.jpg 768w, https:\/\/primermomento.com\/wp-content\/uploads\/2022\/09\/reina-isabel-120x90.jpg 120w, https:\/\/primermomento.com\/wp-content\/uploads\/2022\/09\/reina-isabel-500x375.jpg 500w, https:\/\/primermomento.com\/wp-content\/uploads\/2022\/09\/reina-isabel-280x210.jpg 280w, https:\/\/primermomento.com\/wp-content\/uploads\/2022\/09\/reina-isabel-638x479.jpg 638w, https:\/\/primermomento.com\/wp-content\/uploads\/2022\/09\/reina-isabel-118x89.jpg 118w, https:\/\/primermomento.com\/wp-content\/uploads\/2022\/09\/reina-isabel-479x359.jpg 479w\" sizes=\"auto, (max-width: 1024px) 100vw, 1024px\" \/><\/figure>\n<\/div>\n\n\n<p>La noticia sobre el delicado estado de salud de la reina Isabel II paraliz\u00f3 desde temprano a Londres que se manten\u00eda en expectativa sobre su estado de salud.<\/p>\n\n\n\n<p>Poco despu\u00e9s del mediod\u00eda de este jueves, el Palacio de Buckingham inform\u00f3 que la monarca de 96 a\u00f1os se encontraba bajo supervisi\u00f3n m\u00e9dica en el castillo de Balmoral, Escocia.<\/p>\n\n\n\n<p><strong>Reina Isabel II, adi\u00f3s a la corona m\u00e1s longeva del mundo<\/strong><\/p>\n\n\n\n<p>\u00a0A los 96 a\u00f1os y con un largo reinado en el cual vio pasar bajo su trono a siete papas, la reina Isabel II falleci\u00f3 hoy rodeada de sus familiares, en el castillo de Balmoral, en los Highlands de Escocia.<\/p>\n\n\n\n<p>La noticia, dada a conocer por el Palacio de Buckingham, paraliz\u00f3 al Reino Unido, que desde hac\u00eda horas tempranas se manten\u00eda en vilo por el estado de salud de la monarca.<\/p>\n\n\n<div class=\"wp-block-image\">\n<figure class=\"aligncenter size-full is-resized\"><img loading=\"lazy\" decoding=\"async\" src=\"http:\/\/primermomento.com\/wp-content\/uploads\/2022\/09\/isabel2.jpg\" alt=\"\" class=\"wp-image-369391\" width=\"748\" height=\"498\" srcset=\"https:\/\/primermomento.com\/wp-content\/uploads\/2022\/09\/isabel2.jpg 748w, https:\/\/primermomento.com\/wp-content\/uploads\/2022\/09\/isabel2-300x200.jpg 300w, https:\/\/primermomento.com\/wp-content\/uploads\/2022\/09\/isabel2-73x50.jpg 73w, https:\/\/primermomento.com\/wp-content\/uploads\/2022\/09\/isabel2-500x333.jpg 500w, https:\/\/primermomento.com\/wp-content\/uploads\/2022\/09\/isabel2-280x186.jpg 280w, https:\/\/primermomento.com\/wp-content\/uploads\/2022\/09\/isabel2-60x40.jpg 60w, https:\/\/primermomento.com\/wp-content\/uploads\/2022\/09\/isabel2-638x425.jpg 638w, https:\/\/primermomento.com\/wp-content\/uploads\/2022\/09\/isabel2-118x79.jpg 118w, https:\/\/primermomento.com\/wp-content\/uploads\/2022\/09\/isabel2-479x319.jpg 479w\" sizes=\"auto, (max-width: 748px) 100vw, 748px\" \/><\/figure>\n<\/div>\n\n\n<p>Por estas horas Londres est\u00e1 conmocionada.\u201cLa Reina muri\u00f3 pac\u00edficamente en Balmoral esta tarde. El Rey y la Reina Consorte permanecer\u00e1n en Balmoral esta noche y regresar\u00e1n a Londres ma\u00f1ana\u201d, public\u00f3 la familia real en la red social twitter.<\/p>\n\n\n\n<p>La monarca, quien fue coronada el 2 de junio de 1953, rein\u00f3 durante 70 a\u00f1os cumpliendo a cabalidad una de las tantas frases que acu\u00f1\u00f3 durante su trayectoria: \u201ctoda mi vida, sea larga o corta, estar\u00e9 dedicada a vuestro servicio\u201d.<\/p>\n\n\n\n<p>Isabel Alejandra Mar\u00eda Windsor, su verdadero nombre, fue la segunda hija del rey Jorge V, retuvo el reinado m\u00e1s largo de la historia reciente y a pesar de sus problemas de salud, se mantuvo en funciones hasta sus \u00faltimos d\u00edas.<\/p>\n\n\n\n<p>El Reino Unido est\u00e1 de luto. Las banderas ya ondean a media asta en el palacio de Buckingham, donde centenares de ciudadanos brit\u00e1nicos se concentran para despedir a la monarca.<\/p>\n\n\n\n<p class=\"has-text-align-right\"><em>PL<\/em><\/p>\n","protected":false},"excerpt":{"rendered":"<p>LONDRES, Inglaterra.- La reina Isabel II falleci\u00f3 hoy a los 96 a\u00f1os de edad, dejando as\u00ed un largo reinado de siete d\u00e9cadas, anunci\u00f3 el palacio de Buckingham. La noticia sobre el delicado estado de salud de la reina Isabel II paraliz\u00f3 desde temprano a Londres que se manten\u00eda en expectativa sobre su estado de salud. [&hellip;]<\/p>\n","protected":false},"author":1,"featured_media":0,"comment_status":"open","ping_status":"open","sticky":false,"template":"","format":"standard","meta":{"_bbp_topic_count":0,"_bbp_reply_count":0,"_bbp_total_topic_count":0,"_bbp_total_reply_count":0,"_bbp_voice_count":0,"_bbp_anonymous_reply_count":0,"_bbp_topic_count_hidden":0,"_bbp_reply_count_hidden":0,"_bbp_forum_subforum_count":0,"footnotes":""},"categories":[30,60],"tags":[],"class_list":{"0":"post-369376","1":"post","2":"type-post","3":"status-publish","4":"format-standard","6":"category-actualidad","7":"category-titulares-del-dia"},"_links":{"self":[{"href":"https:\/\/primermomento.com\/index.php?rest_route=\/wp\/v2\/posts\/369376","targetHints":{"allow":["GET"]}}],"collection":[{"href":"https:\/\/primermomento.com\/index.php?rest_route=\/wp\/v2\/posts"}],"about":[{"href":"https:\/\/primermomento.com\/index.php?rest_route=\/wp\/v2\/types\/post"}],"author":[{"embeddable":true,"href":"https:\/\/primermomento.com\/index.php?rest_route=\/wp\/v2\/users\/1"}],"replies":[{"embeddable":true,"href":"https:\/\/primermomento.com\/index.php?rest_route=%2Fwp%2Fv2%2Fcomments&post=369376"}],"version-history":[{"count":2,"href":"https:\/\/primermomento.com\/index.php?rest_route=\/wp\/v2\/posts\/369376\/revisions"}],"predecessor-version":[{"id":369392,"href":"https:\/\/primermomento.com\/index.php?rest_route=\/wp\/v2\/posts\/369376\/revisions\/369392"}],"wp:attachment":[{"href":"https:\/\/primermomento.com\/index.php?rest_route=%2Fwp%2Fv2%2Fmedia&parent=369376"}],"wp:term":[{"taxonomy":"category","embeddable":true,"href":"https:\/\/primermomento.com\/index.php?rest_route=%2Fwp%2Fv2%2Fcategories&post=369376"},{"taxonomy":"post_tag","embeddable":true,"href":"https:\/\/primermomento.com\/index.php?rest_route=%2Fwp%2Fv2%2Ftags&post=369376"}],"curies":[{"name":"wp","href":"https:\/\/api.w.org\/{rel}","templated":true}]}}