{"id":369414,"date":"2022-09-09T10:18:00","date_gmt":"2022-09-09T14:18:00","guid":{"rendered":"http:\/\/primermomento.com\/?p=369414"},"modified":"2022-09-09T11:22:29","modified_gmt":"2022-09-09T15:22:29","slug":"escena-digital-acoge-nuevo-album-de-boricua-gilberto-santa-rosa","status":"publish","type":"post","link":"https:\/\/primermomento.com\/?p=369414","title":{"rendered":"Escena digital acoge nuevo \u00e1lbum de boricua Gilberto Santa Rosa"},"content":{"rendered":"\n<p class=\"wp-block-paragraph\">SAN JUAN, Puerto Rico.- El cantante puertorrique\u00f1o Gilberto Santa Rosa promueve hoy su trig\u00e9sima producci\u00f3n discogr\u00e1fica titulada Debut y Segunda Tanda Vol.1, la cual est\u00e1 disponible en las diferentes plataformas de reproducci\u00f3n digital.<\/p>\n\n\n<div class=\"wp-block-image\">\n<figure class=\"aligncenter size-full\"><img loading=\"lazy\" decoding=\"async\" width=\"748\" height=\"498\" src=\"http:\/\/primermomento.com\/wp-content\/uploads\/2022\/01\/AVR-GilbertoSantaRosa.jpg\" alt=\"\" class=\"wp-image-357431\" srcset=\"https:\/\/primermomento.com\/wp-content\/uploads\/2022\/01\/AVR-GilbertoSantaRosa.jpg 748w, https:\/\/primermomento.com\/wp-content\/uploads\/2022\/01\/AVR-GilbertoSantaRosa-300x200.jpg 300w, https:\/\/primermomento.com\/wp-content\/uploads\/2022\/01\/AVR-GilbertoSantaRosa-73x50.jpg 73w, https:\/\/primermomento.com\/wp-content\/uploads\/2022\/01\/AVR-GilbertoSantaRosa-500x333.jpg 500w, https:\/\/primermomento.com\/wp-content\/uploads\/2022\/01\/AVR-GilbertoSantaRosa-280x186.jpg 280w, https:\/\/primermomento.com\/wp-content\/uploads\/2022\/01\/AVR-GilbertoSantaRosa-60x40.jpg 60w, https:\/\/primermomento.com\/wp-content\/uploads\/2022\/01\/AVR-GilbertoSantaRosa-638x425.jpg 638w, https:\/\/primermomento.com\/wp-content\/uploads\/2022\/01\/AVR-GilbertoSantaRosa-118x79.jpg 118w, https:\/\/primermomento.com\/wp-content\/uploads\/2022\/01\/AVR-GilbertoSantaRosa-479x319.jpg 479w\" sizes=\"auto, (max-width: 748px) 100vw, 748px\" \/><figcaption><em>Gilberto Santa Rosa<\/em><\/figcaption><\/figure>\n<\/div>\n\n\n<p class=\"wp-block-paragraph\">Seg\u00fan anunci\u00f3 el salsero boricua desde la red social Instagram, la placa incluye temas de otros artistas y g\u00e9neros, as\u00ed como piezas in\u00e9ditas \u2013ocho canciones-, producidas bajo el sello B2B Music.<\/p>\n\n\n\n<p class=\"wp-block-paragraph\">El int\u00e9rprete de 60 a\u00f1os y cuatro d\u00e9cadas de carrera art\u00edstica pone nuevamente su voz al servicio del p\u00fablico para acercar a t\u00edtulos como Qui\u00e9n no ha llorado solo, En defensa propia, Cartas sobre la mesa, For Sale, El tren del olvido, Enam\u00f3rate bailando, Me cogi\u00f3 la noche, Bailando a tu son, entre varias.<\/p>\n\n\n\n<p class=\"wp-block-paragraph\">Debut y Segunda Tanda constituye un repaso por letras y sonoridades marcadas por el romance, el despecho o desamor, un giro de 180 grados tras el fonograma lanzado en 2020, Colegas, que devino invitaci\u00f3n a bailar.<\/p>\n\n\n\n<p class=\"wp-block-paragraph\">Ganador de seis Latin Grammys y un Grammy, Santa Rosa desarrolla actualmente la gira internacional Cam\u00ednalo, que recientemente tuvo paradas en Colombia, Per\u00fa y Panam\u00e1, mientras crece la expectativa en torno a una edici\u00f3n de lujo del nuevo disco, que ver\u00e1 la luz en octubre.<\/p>\n\n\n\n<p class=\"wp-block-paragraph\">Conocido como el Caballero de la Salsa, el artista ha legado a la banda sonora internacional temas emblem\u00e1ticos como Que alguien me diga, Si no me ven llorando, Ni te llamo ni te busco, Pa\u2019 quererse no hay que verse, Vivir sin ella, Conciencia, Perd\u00f3name, Pueden decir, Sombra loca, Qu\u00e9 manera de quererte, Conteo regresivo, entre otras.<\/p>\n\n\n\n<p class=\"wp-block-paragraph\">Entre los fonogramas creados por el artista figuran Solo Bolero, Aut\u00e9ntico, Directo al coraz\u00f3n, Contraste, Una navidad con Gilberto, Irrepetible, Necesito un bolero, En buena compa\u00f1\u00eda y 40\u2026Y contando.<\/p>\n\n\n\n<p class=\"has-text-align-right wp-block-paragraph\"><em>PL<\/em><\/p>\n","protected":false},"excerpt":{"rendered":"<p>SAN JUAN, Puerto Rico.- El cantante puertorrique\u00f1o Gilberto Santa Rosa promueve hoy su trig\u00e9sima producci\u00f3n discogr\u00e1fica titulada Debut y Segunda Tanda Vol.1, la cual est\u00e1 disponible en las diferentes plataformas de reproducci\u00f3n digital. Seg\u00fan anunci\u00f3 el salsero boricua desde la red social Instagram, la placa incluye temas de otros artistas y g\u00e9neros, as\u00ed como piezas [&hellip;]<\/p>\n","protected":false},"author":1,"featured_media":0,"comment_status":"open","ping_status":"open","sticky":false,"template":"","format":"standard","meta":{"_bbp_topic_count":0,"_bbp_reply_count":0,"_bbp_total_topic_count":0,"_bbp_total_reply_count":0,"_bbp_voice_count":0,"_bbp_anonymous_reply_count":0,"_bbp_topic_count_hidden":0,"_bbp_reply_count_hidden":0,"_bbp_forum_subforum_count":0,"footnotes":""},"categories":[39,60],"tags":[],"class_list":["post-369414","post","type-post","status-publish","format-standard","category-entretenimiento","category-titulares-del-dia"],"_links":{"self":[{"href":"https:\/\/primermomento.com\/index.php?rest_route=\/wp\/v2\/posts\/369414","targetHints":{"allow":["GET"]}}],"collection":[{"href":"https:\/\/primermomento.com\/index.php?rest_route=\/wp\/v2\/posts"}],"about":[{"href":"https:\/\/primermomento.com\/index.php?rest_route=\/wp\/v2\/types\/post"}],"author":[{"embeddable":true,"href":"https:\/\/primermomento.com\/index.php?rest_route=\/wp\/v2\/users\/1"}],"replies":[{"embeddable":true,"href":"https:\/\/primermomento.com\/index.php?rest_route=%2Fwp%2Fv2%2Fcomments&post=369414"}],"version-history":[{"count":1,"href":"https:\/\/primermomento.com\/index.php?rest_route=\/wp\/v2\/posts\/369414\/revisions"}],"predecessor-version":[{"id":369415,"href":"https:\/\/primermomento.com\/index.php?rest_route=\/wp\/v2\/posts\/369414\/revisions\/369415"}],"wp:attachment":[{"href":"https:\/\/primermomento.com\/index.php?rest_route=%2Fwp%2Fv2%2Fmedia&parent=369414"}],"wp:term":[{"taxonomy":"category","embeddable":true,"href":"https:\/\/primermomento.com\/index.php?rest_route=%2Fwp%2Fv2%2Fcategories&post=369414"},{"taxonomy":"post_tag","embeddable":true,"href":"https:\/\/primermomento.com\/index.php?rest_route=%2Fwp%2Fv2%2Ftags&post=369414"}],"curies":[{"name":"wp","href":"https:\/\/api.w.org\/{rel}","templated":true}]}}