{"id":369666,"date":"2022-09-14T18:30:31","date_gmt":"2022-09-14T22:30:31","guid":{"rendered":"http:\/\/primermomento.com\/?p=369666"},"modified":"2022-09-17T10:41:39","modified_gmt":"2022-09-17T14:41:39","slug":"banl-concejo-rechazo-levantar-un-busto-en-honor-a-victor-waill","status":"publish","type":"post","link":"https:\/\/primermomento.com\/?p=369666","title":{"rendered":"BAN\u013a | Concejo rechaz\u00f3 levantar busto en honor a V\u00edctor Waill"},"content":{"rendered":"\n<p class=\"wp-block-paragraph\">BAN\u013a, Rep\u00fablica Dominicana.- En una votaci\u00f3n cerrada, siete regidores decidieron que no  fuera levantado un busto en honor a V\u00edctor Waill en uno de los laterales del cine teatro Vaganiona, y en vez de eso optaron por un mural en la escuela de Bellas Artes.<\/p>\n\n\n<div class=\"wp-block-image\">\n<figure class=\"aligncenter size-full\"><img loading=\"lazy\" decoding=\"async\" width=\"400\" height=\"239\" src=\"http:\/\/primermomento.com\/wp-content\/uploads\/2019\/07\/victor-waill-fallece.jpg\" alt=\"\" class=\"wp-image-319005\" srcset=\"https:\/\/primermomento.com\/wp-content\/uploads\/2019\/07\/victor-waill-fallece.jpg 400w, https:\/\/primermomento.com\/wp-content\/uploads\/2019\/07\/victor-waill-fallece-300x179.jpg 300w, https:\/\/primermomento.com\/wp-content\/uploads\/2019\/07\/victor-waill-fallece-110x66.jpg 110w, https:\/\/primermomento.com\/wp-content\/uploads\/2019\/07\/victor-waill-fallece-280x167.jpg 280w, https:\/\/primermomento.com\/wp-content\/uploads\/2019\/07\/victor-waill-fallece-118x71.jpg 118w\" sizes=\"auto, (max-width: 400px) 100vw, 400px\" \/><figcaption><em>V\u00edctor Waill<\/em><\/figcaption><\/figure>\n<\/div>\n\n\n<p class=\"wp-block-paragraph\">Los regidores en cuesti\u00f3n fueron Le\u00f3nidas D\u00edaz, Robinson Capell\u00e1n, Kelvin Arias, Jorge Mateo, Ney Gonz\u00e1lez, Denny B\u00e1ez y Miguel B\u00e1ez.<\/p>\n\n\n\n<p class=\"wp-block-paragraph\">A pesar de que los miembros de la Comisi\u00f3n de deporte, arte y cultura hab\u00edan recomendado al Concejo Edilicio que se aprobara la propuesta de la regidora Carolina D\u00edaz, el bloque del PRM reunido con el alcalde Santo Ram\u00edrez decidi\u00f3 desestimar la develaci\u00f3n de una estatua del maestro V\u00edctor Waill.<\/p>\n\n\n\n<p class=\"wp-block-paragraph\">El proyecto de resoluci\u00f3n, que fue bien documentado, argumentado y fundamentado por la regidora Carolina D\u00edaz, no logr\u00f3 el apoyo mayoritario aun cuando el periodista Luis De Los Santos, quien copatrocin\u00f3 la iniciativa, hiciera un recuento del historial art\u00edstico-musical de este genio, y llamara a una reconsideraci\u00f3n de lo decidido el d\u00eda antes por quienes se opusieron al busto de un personaje que se destac\u00f3 en el arte, la m\u00fasica y la cultura nacional e internacional.<\/p>\n\n\n\n<p class=\"wp-block-paragraph\">Los \u00fanicos dos regidores oficialistas que apoyaron la estatua fueron el presidente del Concejo Edilicio, Eddy Pe\u00f1a, y la regidora Carolina D\u00edaz, quien preside la Comisi\u00f3n de G\u00e9nero, Salud y Educaci\u00f3n, mientras que el bloque PLD-PRD compuesto por Judy B\u00e1ez, Estefan\u00eda Mart\u00ednez, Judith Peguero y Danilo Peguero votaron a favor de la propuesta que fue sometida al Pleno. <\/p>\n\n\n\n<p class=\"has-text-align-right wp-block-paragraph\"><em>Primer Momento<\/em><\/p>\n","protected":false},"excerpt":{"rendered":"<p>BAN\u013a, Rep\u00fablica Dominicana.- En una votaci\u00f3n cerrada, siete regidores decidieron que no fuera levantado un busto en honor a V\u00edctor Waill en uno de los laterales del cine teatro Vaganiona, y en vez de eso optaron por un mural en la escuela de Bellas Artes. Los regidores en cuesti\u00f3n fueron Le\u00f3nidas D\u00edaz, Robinson Capell\u00e1n, Kelvin [&hellip;]<\/p>\n","protected":false},"author":1,"featured_media":0,"comment_status":"open","ping_status":"open","sticky":false,"template":"","format":"standard","meta":{"_bbp_topic_count":0,"_bbp_reply_count":0,"_bbp_total_topic_count":0,"_bbp_total_reply_count":0,"_bbp_voice_count":0,"_bbp_anonymous_reply_count":0,"_bbp_topic_count_hidden":0,"_bbp_reply_count_hidden":0,"_bbp_forum_subforum_count":0,"footnotes":""},"categories":[39,60],"tags":[],"class_list":["post-369666","post","type-post","status-publish","format-standard","category-entretenimiento","category-titulares-del-dia"],"_links":{"self":[{"href":"https:\/\/primermomento.com\/index.php?rest_route=\/wp\/v2\/posts\/369666","targetHints":{"allow":["GET"]}}],"collection":[{"href":"https:\/\/primermomento.com\/index.php?rest_route=\/wp\/v2\/posts"}],"about":[{"href":"https:\/\/primermomento.com\/index.php?rest_route=\/wp\/v2\/types\/post"}],"author":[{"embeddable":true,"href":"https:\/\/primermomento.com\/index.php?rest_route=\/wp\/v2\/users\/1"}],"replies":[{"embeddable":true,"href":"https:\/\/primermomento.com\/index.php?rest_route=%2Fwp%2Fv2%2Fcomments&post=369666"}],"version-history":[{"count":4,"href":"https:\/\/primermomento.com\/index.php?rest_route=\/wp\/v2\/posts\/369666\/revisions"}],"predecessor-version":[{"id":369928,"href":"https:\/\/primermomento.com\/index.php?rest_route=\/wp\/v2\/posts\/369666\/revisions\/369928"}],"wp:attachment":[{"href":"https:\/\/primermomento.com\/index.php?rest_route=%2Fwp%2Fv2%2Fmedia&parent=369666"}],"wp:term":[{"taxonomy":"category","embeddable":true,"href":"https:\/\/primermomento.com\/index.php?rest_route=%2Fwp%2Fv2%2Fcategories&post=369666"},{"taxonomy":"post_tag","embeddable":true,"href":"https:\/\/primermomento.com\/index.php?rest_route=%2Fwp%2Fv2%2Ftags&post=369666"}],"curies":[{"name":"wp","href":"https:\/\/api.w.org\/{rel}","templated":true}]}}