{"id":370026,"date":"2022-09-19T11:00:31","date_gmt":"2022-09-19T15:00:31","guid":{"rendered":"http:\/\/primermomento.com\/?p=370026"},"modified":"2022-09-19T11:00:31","modified_gmt":"2022-09-19T15:00:31","slug":"huracan-fiona-deja-sensibles-danos-a-su-paso-por-dominicana","status":"publish","type":"post","link":"https:\/\/primermomento.com\/?p=370026","title":{"rendered":"Hurac\u00e1n Fiona deja sensibles da\u00f1os a su paso por Dominicana"},"content":{"rendered":"\n<p>SANTO DOMINGO, Rep\u00fablica Dominicana.- El hurac\u00e1n Fiona, que entr\u00f3 hoy a la Rep\u00fablica Dominicana por la provincia La Altagracia, deja a su paso afectaciones importantes las cuales aunque deben contabilizarse, son sensibles.<\/p>\n\n\n<div class=\"wp-block-image\">\n<figure class=\"aligncenter size-full\"><img loading=\"lazy\" decoding=\"async\" width=\"743\" height=\"396\" src=\"http:\/\/primermomento.com\/wp-content\/uploads\/2022\/09\/fiona-en-la-altagracia1.jpg\" alt=\"\" class=\"wp-image-370027\" srcset=\"https:\/\/primermomento.com\/wp-content\/uploads\/2022\/09\/fiona-en-la-altagracia1.jpg 743w, https:\/\/primermomento.com\/wp-content\/uploads\/2022\/09\/fiona-en-la-altagracia1-300x160.jpg 300w, https:\/\/primermomento.com\/wp-content\/uploads\/2022\/09\/fiona-en-la-altagracia1-500x266.jpg 500w, https:\/\/primermomento.com\/wp-content\/uploads\/2022\/09\/fiona-en-la-altagracia1-280x149.jpg 280w, https:\/\/primermomento.com\/wp-content\/uploads\/2022\/09\/fiona-en-la-altagracia1-638x340.jpg 638w, https:\/\/primermomento.com\/wp-content\/uploads\/2022\/09\/fiona-en-la-altagracia1-118x63.jpg 118w, https:\/\/primermomento.com\/wp-content\/uploads\/2022\/09\/fiona-en-la-altagracia1-479x255.jpg 479w\" sizes=\"auto, (max-width: 743px) 100vw, 743px\" \/><\/figure>\n<\/div>\n\n\n<p>Los vientos que acompa\u00f1an al fen\u00f3meno meteorol\u00f3gico dejaron estragos hasta ahora en Punta Cana, B\u00e1varo e Higuey, sobre todo con ca\u00edda de \u00e1rboles, afectaciones al servicio el\u00e9ctrico y la p\u00e9rdida de techos, puertas y ventanas en muchos casos.<\/p>\n\n\n\n<p>Las autoridades de esa zona informaron que tienen zonas inundadas, 26 casas con serios da\u00f1os y, eval\u00faan la situaci\u00f3n en diversos barrios pues las lluvias deben continuar e incrementarse.<\/p>\n\n\n\n<p>El director de la Defensa Civil, Juan Salas, adelant\u00f3 que aunque est\u00e1n en el proceso de evaluaci\u00f3n, debe esperarse el cicl\u00f3n salga del territorio nacional para saber la verdadera magnitud de lo ocurrido, sin contar las lluvias por llegar..<\/p>\n\n\n\n<p>Asimismo dijo que toda la zona del este se mantiene en alerta roja (m\u00e1xima) y tiene 24 albergues activados con una 674 personas en ellos y otra cifran similar pasaron a convivir con familiares y amigos.<\/p>\n\n\n\n<p>Por su parte, la Oficina Nacional de Meteorolog\u00eda, dio a conocer que a las 05;00, hora local, el hurac\u00e1n fue ubicado a unos 25 kil\u00f3metros al oeste\/suroeste de Punta Cana, con vientos m\u00e1ximos sostenidos de 150 kil\u00f3metros por hora con r\u00e1fagas superiores.<\/p>\n\n\n\n<p>Se desplaza hacia el noroeste a 13 kil\u00f3metros por hora y los vientos huracanados alcanzan los 45 kil\u00f3metros fuera de su centro y los de tormenta a unos 240.<\/p>\n\n\n\n<p>Y predomina un ambiente nublado con la ocurrencia de aguaceros moderados fuertes siendo intensos en ocasiones, tormentas el\u00e9ctricas y frecuentes r\u00e1fagas de viento con fuerza de huracanadas localmente principalmente hacia provincias de las regiones norte, noreste, la llanura oriental y la Cordillera Central.<\/p>\n\n\n\n<p class=\"has-text-align-right\"><em>PL<\/em><\/p>\n","protected":false},"excerpt":{"rendered":"<p>SANTO DOMINGO, Rep\u00fablica Dominicana.- El hurac\u00e1n Fiona, que entr\u00f3 hoy a la Rep\u00fablica Dominicana por la provincia La Altagracia, deja a su paso afectaciones importantes las cuales aunque deben contabilizarse, son sensibles. Los vientos que acompa\u00f1an al fen\u00f3meno meteorol\u00f3gico dejaron estragos hasta ahora en Punta Cana, B\u00e1varo e Higuey, sobre todo con ca\u00edda de \u00e1rboles, [&hellip;]<\/p>\n","protected":false},"author":1,"featured_media":0,"comment_status":"open","ping_status":"open","sticky":false,"template":"","format":"standard","meta":{"_bbp_topic_count":0,"_bbp_reply_count":0,"_bbp_total_topic_count":0,"_bbp_total_reply_count":0,"_bbp_voice_count":0,"_bbp_anonymous_reply_count":0,"_bbp_topic_count_hidden":0,"_bbp_reply_count_hidden":0,"_bbp_forum_subforum_count":0,"footnotes":""},"categories":[60,32],"tags":[],"class_list":{"0":"post-370026","1":"post","2":"type-post","3":"status-publish","4":"format-standard","6":"category-titulares-del-dia","7":"category-lo-ultimo"},"_links":{"self":[{"href":"https:\/\/primermomento.com\/index.php?rest_route=\/wp\/v2\/posts\/370026","targetHints":{"allow":["GET"]}}],"collection":[{"href":"https:\/\/primermomento.com\/index.php?rest_route=\/wp\/v2\/posts"}],"about":[{"href":"https:\/\/primermomento.com\/index.php?rest_route=\/wp\/v2\/types\/post"}],"author":[{"embeddable":true,"href":"https:\/\/primermomento.com\/index.php?rest_route=\/wp\/v2\/users\/1"}],"replies":[{"embeddable":true,"href":"https:\/\/primermomento.com\/index.php?rest_route=%2Fwp%2Fv2%2Fcomments&post=370026"}],"version-history":[{"count":1,"href":"https:\/\/primermomento.com\/index.php?rest_route=\/wp\/v2\/posts\/370026\/revisions"}],"predecessor-version":[{"id":370028,"href":"https:\/\/primermomento.com\/index.php?rest_route=\/wp\/v2\/posts\/370026\/revisions\/370028"}],"wp:attachment":[{"href":"https:\/\/primermomento.com\/index.php?rest_route=%2Fwp%2Fv2%2Fmedia&parent=370026"}],"wp:term":[{"taxonomy":"category","embeddable":true,"href":"https:\/\/primermomento.com\/index.php?rest_route=%2Fwp%2Fv2%2Fcategories&post=370026"},{"taxonomy":"post_tag","embeddable":true,"href":"https:\/\/primermomento.com\/index.php?rest_route=%2Fwp%2Fv2%2Ftags&post=370026"}],"curies":[{"name":"wp","href":"https:\/\/api.w.org\/{rel}","templated":true}]}}