{"id":370225,"date":"2022-09-22T07:58:00","date_gmt":"2022-09-22T11:58:00","guid":{"rendered":"http:\/\/primermomento.com\/?p=370225"},"modified":"2022-09-22T10:02:35","modified_gmt":"2022-09-22T14:02:35","slug":"marc-anthony-regresa-a-la-republica-dominicana","status":"publish","type":"post","link":"https:\/\/primermomento.com\/?p=370225","title":{"rendered":"Marc Anthony regresa a la Rep\u00fablica Dominicana"},"content":{"rendered":"\n<p class=\"wp-block-paragraph\">SANTO DOMINGO, Rep\u00fablica Dominicana.- El afamado cantante boricua Marc Anthony regresar\u00e1 hoy a la Rep\u00fablica Dominicana con un concierto en el Estadio Ol\u00edmpico F\u00e9lix S\u00e1nchez, de esta capital, dentro de su gira mundial Viviendo.<\/p>\n\n\n<div class=\"wp-block-image\">\n<figure class=\"aligncenter size-full\"><img loading=\"lazy\" decoding=\"async\" width=\"853\" height=\"480\" src=\"http:\/\/primermomento.com\/wp-content\/uploads\/2022\/09\/Marc-Antohny.jpg\" alt=\"\" class=\"wp-image-370226\" srcset=\"https:\/\/primermomento.com\/wp-content\/uploads\/2022\/09\/Marc-Antohny.jpg 853w, https:\/\/primermomento.com\/wp-content\/uploads\/2022\/09\/Marc-Antohny-300x169.jpg 300w, https:\/\/primermomento.com\/wp-content\/uploads\/2022\/09\/Marc-Antohny-768x432.jpg 768w, https:\/\/primermomento.com\/wp-content\/uploads\/2022\/09\/Marc-Antohny-478x270.jpg 478w, https:\/\/primermomento.com\/wp-content\/uploads\/2022\/09\/Marc-Antohny-500x281.jpg 500w, https:\/\/primermomento.com\/wp-content\/uploads\/2022\/09\/Marc-Antohny-280x158.jpg 280w, https:\/\/primermomento.com\/wp-content\/uploads\/2022\/09\/Marc-Antohny-638x359.jpg 638w, https:\/\/primermomento.com\/wp-content\/uploads\/2022\/09\/Marc-Antohny-118x66.jpg 118w, https:\/\/primermomento.com\/wp-content\/uploads\/2022\/09\/Marc-Antohny-479x270.jpg 479w\" sizes=\"auto, (max-width: 853px) 100vw, 853px\" \/><\/figure>\n<\/div>\n\n\n<p class=\"wp-block-paragraph\">En el recital el cantante dar\u00e1 a conocer canciones de su \u00faltima grabaci\u00f3n y de esa forma reconectar con su fiel p\u00fablico, que es bien grande en este pa\u00eds.<\/p>\n\n\n\n<p class=\"wp-block-paragraph\">Conocido en el mundo por su inconfundible voz y forma peculiar de moverse entre la salsa y sus m\u00faltiples variantes, Marc Anthony es autor de populares temas como Pa\u2019lla Voy, lanzado el 4 de marzo de 2022 por Sony Music Latin.<\/p>\n\n\n\n<p class=\"wp-block-paragraph\">El cantante, ganador de varios premios Grammy Latinos, empez\u00f3 su carrera discogr\u00e1fica en el g\u00e9nero hip hop con el d\u00fao Little Louie &amp; Marc Anthony, hasta llegar a cautivar a millones de personas que lo siguen en el mundo.<\/p>\n\n\n\n<p class=\"wp-block-paragraph\">Los organizadores del evento cultural informaron que tomaron previsiones de lugar ante las condiciones atmosf\u00e9ricas en el pa\u00eds luego del paso del hurac\u00e1n Fiona y est\u00e1n preparados para recibir al p\u00fablico sin riesgo alguno.<\/p>\n\n\n\n<p class=\"wp-block-paragraph\">Se anunci\u00f3 que el merenguero dominicano Manny Cruz participar\u00e1 como invitado especial en el evento cultural.<\/p>\n\n\n\n<p class=\"has-text-align-right wp-block-paragraph\"><em>PL<\/em><\/p>\n","protected":false},"excerpt":{"rendered":"<p>SANTO DOMINGO, Rep\u00fablica Dominicana.- El afamado cantante boricua Marc Anthony regresar\u00e1 hoy a la Rep\u00fablica Dominicana con un concierto en el Estadio Ol\u00edmpico F\u00e9lix S\u00e1nchez, de esta capital, dentro de su gira mundial Viviendo. En el recital el cantante dar\u00e1 a conocer canciones de su \u00faltima grabaci\u00f3n y de esa forma reconectar con su fiel [&hellip;]<\/p>\n","protected":false},"author":1,"featured_media":0,"comment_status":"open","ping_status":"open","sticky":false,"template":"","format":"standard","meta":{"_bbp_topic_count":0,"_bbp_reply_count":0,"_bbp_total_topic_count":0,"_bbp_total_reply_count":0,"_bbp_voice_count":0,"_bbp_anonymous_reply_count":0,"_bbp_topic_count_hidden":0,"_bbp_reply_count_hidden":0,"_bbp_forum_subforum_count":0,"footnotes":""},"categories":[39,60],"tags":[],"class_list":["post-370225","post","type-post","status-publish","format-standard","category-entretenimiento","category-titulares-del-dia"],"_links":{"self":[{"href":"https:\/\/primermomento.com\/index.php?rest_route=\/wp\/v2\/posts\/370225","targetHints":{"allow":["GET"]}}],"collection":[{"href":"https:\/\/primermomento.com\/index.php?rest_route=\/wp\/v2\/posts"}],"about":[{"href":"https:\/\/primermomento.com\/index.php?rest_route=\/wp\/v2\/types\/post"}],"author":[{"embeddable":true,"href":"https:\/\/primermomento.com\/index.php?rest_route=\/wp\/v2\/users\/1"}],"replies":[{"embeddable":true,"href":"https:\/\/primermomento.com\/index.php?rest_route=%2Fwp%2Fv2%2Fcomments&post=370225"}],"version-history":[{"count":1,"href":"https:\/\/primermomento.com\/index.php?rest_route=\/wp\/v2\/posts\/370225\/revisions"}],"predecessor-version":[{"id":370227,"href":"https:\/\/primermomento.com\/index.php?rest_route=\/wp\/v2\/posts\/370225\/revisions\/370227"}],"wp:attachment":[{"href":"https:\/\/primermomento.com\/index.php?rest_route=%2Fwp%2Fv2%2Fmedia&parent=370225"}],"wp:term":[{"taxonomy":"category","embeddable":true,"href":"https:\/\/primermomento.com\/index.php?rest_route=%2Fwp%2Fv2%2Fcategories&post=370225"},{"taxonomy":"post_tag","embeddable":true,"href":"https:\/\/primermomento.com\/index.php?rest_route=%2Fwp%2Fv2%2Ftags&post=370225"}],"curies":[{"name":"wp","href":"https:\/\/api.w.org\/{rel}","templated":true}]}}