{"id":370228,"date":"2022-09-22T10:05:46","date_gmt":"2022-09-22T14:05:46","guid":{"rendered":"http:\/\/primermomento.com\/?p=370228"},"modified":"2022-09-22T10:05:47","modified_gmt":"2022-09-22T14:05:47","slug":"dos-fallecidos-en-sismo-de-ayer-en-mexico-y-pocos-danos","status":"publish","type":"post","link":"https:\/\/primermomento.com\/?p=370228","title":{"rendered":"Dos fallecidos en sismo de ayer en M\u00e9xico y pocos da\u00f1os\u00a0"},"content":{"rendered":"\n<p>CIUDAD DE M\u00c9XICO, M\u00e9xico.- El presidente de M\u00e9xico, Andr\u00e9s Manuel L\u00f3pez Obrador, lament\u00f3 hoy la perdida de dos personas en la capital, una se\u00f1ora por golpe en la cabeza y otra por infarto, y pocos da\u00f1os materiales.<\/p>\n\n\n<div class=\"wp-block-image\">\n<figure class=\"aligncenter size-full\"><img loading=\"lazy\" decoding=\"async\" width=\"800\" height=\"600\" src=\"http:\/\/primermomento.com\/wp-content\/uploads\/2022\/09\/sismo-mexico.jpg\" alt=\"\" class=\"wp-image-370229\" srcset=\"https:\/\/primermomento.com\/wp-content\/uploads\/2022\/09\/sismo-mexico.jpg 800w, https:\/\/primermomento.com\/wp-content\/uploads\/2022\/09\/sismo-mexico-300x225.jpg 300w, https:\/\/primermomento.com\/wp-content\/uploads\/2022\/09\/sismo-mexico-768x576.jpg 768w, https:\/\/primermomento.com\/wp-content\/uploads\/2022\/09\/sismo-mexico-120x90.jpg 120w, https:\/\/primermomento.com\/wp-content\/uploads\/2022\/09\/sismo-mexico-500x375.jpg 500w, https:\/\/primermomento.com\/wp-content\/uploads\/2022\/09\/sismo-mexico-280x210.jpg 280w, https:\/\/primermomento.com\/wp-content\/uploads\/2022\/09\/sismo-mexico-638x479.jpg 638w, https:\/\/primermomento.com\/wp-content\/uploads\/2022\/09\/sismo-mexico-118x89.jpg 118w, https:\/\/primermomento.com\/wp-content\/uploads\/2022\/09\/sismo-mexico-479x359.jpg 479w\" sizes=\"auto, (max-width: 800px) 100vw, 800px\" \/><\/figure>\n<\/div>\n\n\n<p>Dijo que ya se est\u00e1 trabajando en el censo que es un seguimiento del que ya se estaba realizado por el sismo del 19, en particular de las viviendas afectadas en Michoac\u00e1n y Colima, escuelas, caminos, y ahora se ampl\u00eda por esta fuerte r\u00e9plica, para conocer qu\u00e9 se necesita para apoyar.<\/p>\n\n\n\n<p>Fue una r\u00e9plica del d\u00eda de 19 el cual ya registra mil 695 siendo esta la de mayor magnitud, explic\u00f3 por su parte Laura Vel\u00e1zquez, coordinadora nacional de Protecci\u00f3n Civil.<\/p>\n\n\n\n<p>Explic\u00f3 que, de acuerdo con los informes recibidos de las comunidades afectadas por el sismo de anoche de 6,9 a la 01:16 los da\u00f1os reportados son menores, y la jefa de Gobierno de la capital, Claudia Sheinbaum, inform\u00f3 de esos dos fallecimientos.<\/p>\n\n\n\n<p>Respecto a las afectaciones en el suministro de electricidad, V\u00e1zquez dijo que se comenz\u00f3 a trabajar de inmediato en el restablecimiento del servicio, y a esta hora de la ma\u00f1ana ya hab\u00edan avanzado en un 45 por ciento y esperan que en el transcurso del d\u00eda se tenga el ciento por ciento tanto en el estado de M\u00e9xico como en la capital.<\/p>\n\n\n\n<p>Confirm\u00f3 que hubo evacuaciones en los estados afectados e incluso en la capital y, se contin\u00faa el balance sobre los inmuebles da\u00f1ados en Colima y Michoac\u00e1n donde se elabor\u00f3 un mapa al respecto de los cinco municipios con mayor cantidad de destrucci\u00f3n de viviendas, escuelas y hospitales.<\/p>\n\n\n\n<p>Revel\u00f3 que se est\u00e1 haciendo una investigaci\u00f3n y estudio cient\u00edfico de las repetidas coincidencias de grandes movimientos tel\u00faricos en estas fechas.<\/p>\n\n\n\n<p>Tambi\u00e9n se escucha la solicitud de la poblaci\u00f3n de que los simulacros de los 19 de setiembre se pasen para otro d\u00eda a fin de que no haya confusiones como el caso del lunes de 7,7 grados que muchas personas pensaron que las alarmas fueron por el ejercicio.<\/p>\n\n\n\n<p class=\"has-text-align-right\"><em>PL<\/em><\/p>\n","protected":false},"excerpt":{"rendered":"<p>CIUDAD DE M\u00c9XICO, M\u00e9xico.- El presidente de M\u00e9xico, Andr\u00e9s Manuel L\u00f3pez Obrador, lament\u00f3 hoy la perdida de dos personas en la capital, una se\u00f1ora por golpe en la cabeza y otra por infarto, y pocos da\u00f1os materiales. Dijo que ya se est\u00e1 trabajando en el censo que es un seguimiento del que ya se estaba [&hellip;]<\/p>\n","protected":false},"author":1,"featured_media":0,"comment_status":"open","ping_status":"open","sticky":false,"template":"","format":"standard","meta":{"_bbp_topic_count":0,"_bbp_reply_count":0,"_bbp_total_topic_count":0,"_bbp_total_reply_count":0,"_bbp_voice_count":0,"_bbp_anonymous_reply_count":0,"_bbp_topic_count_hidden":0,"_bbp_reply_count_hidden":0,"_bbp_forum_subforum_count":0,"footnotes":""},"categories":[37,60],"tags":[],"class_list":{"0":"post-370228","1":"post","2":"type-post","3":"status-publish","4":"format-standard","6":"category-ciencia-tecnologia","7":"category-titulares-del-dia"},"_links":{"self":[{"href":"https:\/\/primermomento.com\/index.php?rest_route=\/wp\/v2\/posts\/370228","targetHints":{"allow":["GET"]}}],"collection":[{"href":"https:\/\/primermomento.com\/index.php?rest_route=\/wp\/v2\/posts"}],"about":[{"href":"https:\/\/primermomento.com\/index.php?rest_route=\/wp\/v2\/types\/post"}],"author":[{"embeddable":true,"href":"https:\/\/primermomento.com\/index.php?rest_route=\/wp\/v2\/users\/1"}],"replies":[{"embeddable":true,"href":"https:\/\/primermomento.com\/index.php?rest_route=%2Fwp%2Fv2%2Fcomments&post=370228"}],"version-history":[{"count":1,"href":"https:\/\/primermomento.com\/index.php?rest_route=\/wp\/v2\/posts\/370228\/revisions"}],"predecessor-version":[{"id":370230,"href":"https:\/\/primermomento.com\/index.php?rest_route=\/wp\/v2\/posts\/370228\/revisions\/370230"}],"wp:attachment":[{"href":"https:\/\/primermomento.com\/index.php?rest_route=%2Fwp%2Fv2%2Fmedia&parent=370228"}],"wp:term":[{"taxonomy":"category","embeddable":true,"href":"https:\/\/primermomento.com\/index.php?rest_route=%2Fwp%2Fv2%2Fcategories&post=370228"},{"taxonomy":"post_tag","embeddable":true,"href":"https:\/\/primermomento.com\/index.php?rest_route=%2Fwp%2Fv2%2Ftags&post=370228"}],"curies":[{"name":"wp","href":"https:\/\/api.w.org\/{rel}","templated":true}]}}