{"id":370325,"date":"2022-09-24T12:20:19","date_gmt":"2022-09-24T16:20:19","guid":{"rendered":"http:\/\/primermomento.com\/?p=370325"},"modified":"2022-09-24T12:20:20","modified_gmt":"2022-09-24T16:20:20","slug":"banl-anuncian-exposicion-homenaje-a-clara-ledesma-en-ccp","status":"publish","type":"post","link":"https:\/\/primermomento.com\/?p=370325","title":{"rendered":"BAN\u013a | Anuncian exposici\u00f3n homenaje a Clara Ledesma en CCP"},"content":{"rendered":"\n<p class=\"wp-block-paragraph\">BAN\u013a, Rep\u00fablica Dominicana.- En el marco del XI aniversario, el Centro Cultural Perell\u00f3 (CCP) inaugura este martes 27 de septiembre 2022, a partir de las 6:00 p.m., la muestra \u201cCLARA LEDESMA: UNIVERSO M\u00c1GICO\u201d, la cual integra una valiosa selecci\u00f3n de obras correspondientes a la colecci\u00f3n de Fernando B\u00e1ez Guerrero y su esposa Nancy Tav\u00e1rez de B\u00e1ez, curada por los especialistas Amable L\u00f3pez Mel\u00e9ndez y Lilian Carrasco.<\/p>\n\n\n<div class=\"wp-block-image\">\n<figure class=\"alignleft size-full\"><img loading=\"lazy\" decoding=\"async\" width=\"404\" height=\"494\" src=\"http:\/\/primermomento.com\/wp-content\/uploads\/2022\/09\/exposicion-de-arte-CCP-Bani.jpg\" alt=\"\" class=\"wp-image-370326\" srcset=\"https:\/\/primermomento.com\/wp-content\/uploads\/2022\/09\/exposicion-de-arte-CCP-Bani.jpg 404w, https:\/\/primermomento.com\/wp-content\/uploads\/2022\/09\/exposicion-de-arte-CCP-Bani-245x300.jpg 245w, https:\/\/primermomento.com\/wp-content\/uploads\/2022\/09\/exposicion-de-arte-CCP-Bani-180x220.jpg 180w, https:\/\/primermomento.com\/wp-content\/uploads\/2022\/09\/exposicion-de-arte-CCP-Bani-118x144.jpg 118w\" sizes=\"auto, (max-width: 404px) 100vw, 404px\" \/><\/figure>\n<\/div>\n\n\n<p class=\"wp-block-paragraph\">Julia Castillo de Lozano, directora del Centro Cultural Perell\u00f3, expres\u00f3 que para la familia Perell\u00f3, es un alto honor presentar al p\u00fablico una selecci\u00f3n de piezas por medio de las cuales se pueden apreciar los diferentes procesos formales y estil\u00edsticos que caracterizaron la obra de Ledesma.<\/p>\n\n\n\n<p class=\"wp-block-paragraph\">\u201cComo artista y directora del Centro, me siento emocionada de acoger este proyecto expositivo. Me declaro admiradora de la producci\u00f3n visual de Clara Ledesma y me identifico con su universo m\u00e1gico. Agradezco a don Fernando B\u00e1ez Guerrero y a su esposa Nancy Tav\u00e1rez de B\u00e1ez por la confianza y generosidad con el Centro Cultural Perell\u00f3\u201d, manifest\u00f3.<\/p>\n\n\n\n<p class=\"wp-block-paragraph\">En el trayecto de las \u00faltimas tres d\u00e9cadas, el especial inter\u00e9s de Fernando B\u00e1ez Guerrero y Nancy Tav\u00e1rez de B\u00e1ez por la obra de Clara Ledesma, se intensifica al mismo ritmo que su decisi\u00f3n de cultivar y renovar su pasi\u00f3n y su arriesgada apuesta como coleccionistas. En este trayecto, las nuevas y sorpresivas adquisiciones de la Colecci\u00f3n B\u00e1ez-Tav\u00e1rez, nos revelan la seguridad, aciertos y certezas de su exigencia electiva.<\/p>\n\n\n\n<p class=\"wp-block-paragraph\">Tambi\u00e9n, se aprecia su aut\u00e9ntica determinaci\u00f3n y compromiso social en apoyo a las expresiones est\u00e9ticas y human\u00edsticas, as\u00ed como su vital pacto como afortunados custodios de un conjunto de obras que devienen en una fracci\u00f3n tan valiosa y enriquecedora como significativa del patrimonio art\u00edstico dominicano.<\/p>\n\n\n\n<p class=\"wp-block-paragraph\">La artista Clara Ledesma (1924-1999) est\u00e1 reconocida como una de las personalidades fundamentales de las artes pl\u00e1sticas en la Rep\u00fablica Dominicana y en toda la regi\u00f3n del Caribe. Su obra y personalidad han sido contextualizadas y apreciadas al mismo nivel que las de mujeres artistas como la brasile\u00f1a Tarsila do Amaral; las mexicanas Frida Kahlo y Leonora Carrington y la cubana Amelia Pel\u00e1ez, entre otras exponentes emblem\u00e1ticas del arte latinoamericano del siglo XX.<\/p>\n\n\n\n<p class=\"wp-block-paragraph\">La mayor\u00eda de las obras de Clara Ledesma en la Colecci\u00f3n B\u00e1ez-Tav\u00e1rez, han sido adquiridas en prestigiosas casas de subastas, galer\u00edas y colecciones privadas en Santo Domingo, Nueva York, Montreal y diversas ciudades europeas. La muestra \u201cCLARA LEDESMA: UNIVERSO M\u00c1GICO\u201d, con un retrospectivo y edificador despliegue museogr\u00e1fico en la Sala Gilberto Hern\u00e1ndez Ortega y la Mediateca H\u00e9ctor Colombino Perell\u00f3 del CCP, incluye una serie de recientes adquisiciones que reafirman a los B\u00e1ez-Tav\u00e1rez como los principales y m\u00e1s decididos coleccionistas de la obra de Clara Ledesma en la Rep\u00fablica Dominicana.<\/p>\n\n\n\n<p class=\"wp-block-paragraph\">La exposici\u00f3n se convierte en antesala de las celebraciones por el centenario del natalicio de Clara Ledesma para el 2024, promoviendo desde ya el estudio, an\u00e1lisis e investigaci\u00f3n de sus aportes al arte dominicano, latinoamericano y caribe\u00f1o.<\/p>\n\n\n\n<p class=\"wp-block-paragraph\"><\/p>\n\n\n\n<p class=\"wp-block-paragraph\"><\/p>\n\n\n\n<p class=\"wp-block-paragraph\"><\/p>\n\n\n\n<p class=\"wp-block-paragraph\"><\/p>\n\n\n\n<p class=\"wp-block-paragraph\"><\/p>\n\n\n\n<p class=\"wp-block-paragraph\"><\/p>\n\n\n\n<p class=\"wp-block-paragraph\"><\/p>\n\n\n\n<p class=\"wp-block-paragraph\"><\/p>\n\n\n\n<p class=\"wp-block-paragraph\"><\/p>\n\n\n\n<p class=\"wp-block-paragraph\"><\/p>\n\n\n\n<p class=\"wp-block-paragraph\"><\/p>\n\n\n\n<p class=\"wp-block-paragraph\"><\/p>\n\n\n\n<p class=\"wp-block-paragraph\"><\/p>\n\n\n\n<p class=\"wp-block-paragraph\"><\/p>\n\n\n\n<p class=\"wp-block-paragraph\"><\/p>\n\n\n\n<p class=\"wp-block-paragraph\"><\/p>\n\n\n\n<p class=\"wp-block-paragraph\"><\/p>\n\n\n\n<p class=\"wp-block-paragraph\"><\/p>\n\n\n\n<p class=\"wp-block-paragraph\"><\/p>\n\n\n\n<p class=\"wp-block-paragraph\"><\/p>\n\n\n\n<p class=\"wp-block-paragraph\"><\/p>\n\n\n\n<p class=\"wp-block-paragraph\">BAN\u013a, Rep\u00fablica Dominicana.- En el marco del XI aniversario, el Centro Cultural Perell\u00f3 (CCP) inaugura este martes 27 de septiembre 2022, a partir de las 6:00 p.m., la muestra \u201cCLARA LEDESMA: UNIVERSO M\u00c1GICO\u201d, la cual integra una valiosa selecci\u00f3n de obras correspondientes a la colecci\u00f3n de Fernando B\u00e1ez Guerrero y su esposa Nancy Tav\u00e1rez de B\u00e1ez, curada por los especialistas Amable L\u00f3pez Mel\u00e9ndez y Lilian Carrasco.<\/p>\n\n\n\n<p class=\"wp-block-paragraph\">Julia Castillo de Lozano, directora del Centro Cultural Perell\u00f3, expres\u00f3 que para la familia Perell\u00f3, es un alto honor presentar al p\u00fablico una selecci\u00f3n de piezas por medio de las cuales se pueden apreciar los diferentes procesos formales y estil\u00edsticos que caracterizaron la obra de Ledesma.<\/p>\n\n\n\n<p class=\"wp-block-paragraph\">\u201cComo artista y directora del Centro, me siento emocionada de acoger este proyecto expositivo. Me declaro admiradora de la producci\u00f3n visual de Clara Ledesma y me identifico con su universo m\u00e1gico. Agradezco a don Fernando B\u00e1ez Guerrero y a su esposa Nancy Tav\u00e1rez de B\u00e1ez por la confianza y generosidad con el Centro Cultural Perell\u00f3\u201d, manifest\u00f3. &nbsp;<\/p>\n\n\n\n<p class=\"wp-block-paragraph\">En el trayecto de las \u00faltimas tres d\u00e9cadas, el especial inter\u00e9s de Fernando B\u00e1ez Guerrero y Nancy Tav\u00e1rez de B\u00e1ez por la obra de Clara Ledesma, se intensifica al mismo ritmo que su decisi\u00f3n de cultivar y renovar su pasi\u00f3n y su arriesgada apuesta como coleccionistas. En este trayecto, las nuevas y sorpresivas adquisiciones de la Colecci\u00f3n B\u00e1ez-Tav\u00e1rez, nos revelan la seguridad, aciertos y certezas de su exigencia electiva.<\/p>\n\n\n\n<p class=\"wp-block-paragraph\">Tambi\u00e9n, se aprecia su aut\u00e9ntica determinaci\u00f3n y compromiso social en apoyo a las expresiones est\u00e9ticas y human\u00edsticas, as\u00ed como su vital pacto como afortunados custodios de un conjunto de obras que devienen en una fracci\u00f3n tan valiosa y enriquecedora como significativa del patrimonio art\u00edstico dominicano.<\/p>\n\n\n\n<p class=\"wp-block-paragraph\">La artista Clara Ledesma (1924-1999) est\u00e1 reconocida como una de las personalidades fundamentales de las artes pl\u00e1sticas en la Rep\u00fablica Dominicana y en toda la regi\u00f3n del Caribe. Su obra y personalidad han sido contextualizadas y apreciadas al mismo nivel que las de mujeres artistas como la brasile\u00f1a Tarsila do Amaral; las mexicanas Frida Kahlo y Leonora Carrington y la cubana Amelia Pel\u00e1ez, entre otras exponentes emblem\u00e1ticas del arte latinoamericano del siglo XX.<\/p>\n\n\n\n<p class=\"wp-block-paragraph\">La mayor\u00eda de las obras de&nbsp;Clara Ledesma en la Colecci\u00f3n B\u00e1ez-Tav\u00e1rez, han sido adquiridas en prestigiosas casas de subastas, galer\u00edas y colecciones privadas en Santo Domingo, Nueva York, Montreal y diversas ciudades europeas. La muestra&nbsp;\u201cCLARA LEDESMA: UNIVERSO M\u00c1GICO\u201d, con un retrospectivo y edificador despliegue museogr\u00e1fico en la Sala Gilberto Hern\u00e1ndez Ortega y la Mediateca H\u00e9ctor Colombino Perell\u00f3 del CCP, incluye una serie de recientes adquisiciones que reafirman a los B\u00e1ez-Tav\u00e1rez como los principales y m\u00e1s decididos coleccionistas de la obra de Clara Ledesma en la Rep\u00fablica Dominicana.<\/p>\n\n\n\n<p class=\"wp-block-paragraph\">La exposici\u00f3n se convierte en antesala de las celebraciones por el centenario del natalicio de Clara Ledesma para el 2024, promoviendo desde ya el estudio, an\u00e1lisis e investigaci\u00f3n de sus aportes al arte dominicano, latinoamericano y caribe\u00f1o.<\/p>\n","protected":false},"excerpt":{"rendered":"<p>BAN\u013a, Rep\u00fablica Dominicana.- En el marco del XI aniversario, el Centro Cultural Perell\u00f3 (CCP) inaugura este martes 27 de septiembre 2022, a partir de las 6:00 p.m., la muestra \u201cCLARA LEDESMA: UNIVERSO M\u00c1GICO\u201d, la cual integra una valiosa selecci\u00f3n de obras correspondientes a la colecci\u00f3n de Fernando B\u00e1ez Guerrero y su esposa Nancy Tav\u00e1rez de [&hellip;]<\/p>\n","protected":false},"author":1,"featured_media":0,"comment_status":"open","ping_status":"open","sticky":false,"template":"","format":"standard","meta":{"_bbp_topic_count":0,"_bbp_reply_count":0,"_bbp_total_topic_count":0,"_bbp_total_reply_count":0,"_bbp_voice_count":0,"_bbp_anonymous_reply_count":0,"_bbp_topic_count_hidden":0,"_bbp_reply_count_hidden":0,"_bbp_forum_subforum_count":0,"footnotes":""},"categories":[39,60],"tags":[],"class_list":["post-370325","post","type-post","status-publish","format-standard","category-entretenimiento","category-titulares-del-dia"],"_links":{"self":[{"href":"https:\/\/primermomento.com\/index.php?rest_route=\/wp\/v2\/posts\/370325","targetHints":{"allow":["GET"]}}],"collection":[{"href":"https:\/\/primermomento.com\/index.php?rest_route=\/wp\/v2\/posts"}],"about":[{"href":"https:\/\/primermomento.com\/index.php?rest_route=\/wp\/v2\/types\/post"}],"author":[{"embeddable":true,"href":"https:\/\/primermomento.com\/index.php?rest_route=\/wp\/v2\/users\/1"}],"replies":[{"embeddable":true,"href":"https:\/\/primermomento.com\/index.php?rest_route=%2Fwp%2Fv2%2Fcomments&post=370325"}],"version-history":[{"count":1,"href":"https:\/\/primermomento.com\/index.php?rest_route=\/wp\/v2\/posts\/370325\/revisions"}],"predecessor-version":[{"id":370327,"href":"https:\/\/primermomento.com\/index.php?rest_route=\/wp\/v2\/posts\/370325\/revisions\/370327"}],"wp:attachment":[{"href":"https:\/\/primermomento.com\/index.php?rest_route=%2Fwp%2Fv2%2Fmedia&parent=370325"}],"wp:term":[{"taxonomy":"category","embeddable":true,"href":"https:\/\/primermomento.com\/index.php?rest_route=%2Fwp%2Fv2%2Fcategories&post=370325"},{"taxonomy":"post_tag","embeddable":true,"href":"https:\/\/primermomento.com\/index.php?rest_route=%2Fwp%2Fv2%2Ftags&post=370325"}],"curies":[{"name":"wp","href":"https:\/\/api.w.org\/{rel}","templated":true}]}}