{"id":370422,"date":"2022-09-26T15:23:32","date_gmt":"2022-09-26T19:23:32","guid":{"rendered":"http:\/\/primermomento.com\/?p=370422"},"modified":"2022-09-26T15:23:34","modified_gmt":"2022-09-26T19:23:34","slug":"banl-comite-de-carnaval-entrega-premios-de-comparsas-ganadoras","status":"publish","type":"post","link":"https:\/\/primermomento.com\/?p=370422","title":{"rendered":"BAN\u013a | Comit\u00e9 de Carnaval entrega premios de comparsas ganadoras"},"content":{"rendered":"\n<p class=\"wp-block-paragraph\">BAN\u013a, Rep\u00fablica Dominicana.- El Ayuntamiento de Ban\u00ed hizo entrega de las premiaciones a las comparsas que resultaron ganadoras durante el desfile del Carnaval Regional Banilejo 2022, con un acto efectuado el pasado viernes 23 de septiembre en la Sala Capitular donde el Ballet Folcl\u00f3rico Municipal realiz\u00f3 la bienvenida a los presentes con un majestuoso opening titulado: \u201cSur, Palo y Atabales\u201d.<\/p>\n\n\n<div class=\"wp-block-image\">\n<figure class=\"aligncenter size-full\"><img loading=\"lazy\" decoding=\"async\" width=\"596\" height=\"398\" src=\"http:\/\/primermomento.com\/wp-content\/uploads\/2022\/09\/ENTREGA-PREMIOS-CARNAVAL-221.jpg\" alt=\"\" class=\"wp-image-370423\" srcset=\"https:\/\/primermomento.com\/wp-content\/uploads\/2022\/09\/ENTREGA-PREMIOS-CARNAVAL-221.jpg 596w, https:\/\/primermomento.com\/wp-content\/uploads\/2022\/09\/ENTREGA-PREMIOS-CARNAVAL-221-300x200.jpg 300w, https:\/\/primermomento.com\/wp-content\/uploads\/2022\/09\/ENTREGA-PREMIOS-CARNAVAL-221-73x50.jpg 73w, https:\/\/primermomento.com\/wp-content\/uploads\/2022\/09\/ENTREGA-PREMIOS-CARNAVAL-221-500x334.jpg 500w, https:\/\/primermomento.com\/wp-content\/uploads\/2022\/09\/ENTREGA-PREMIOS-CARNAVAL-221-280x187.jpg 280w, https:\/\/primermomento.com\/wp-content\/uploads\/2022\/09\/ENTREGA-PREMIOS-CARNAVAL-221-60x40.jpg 60w, https:\/\/primermomento.com\/wp-content\/uploads\/2022\/09\/ENTREGA-PREMIOS-CARNAVAL-221-118x79.jpg 118w, https:\/\/primermomento.com\/wp-content\/uploads\/2022\/09\/ENTREGA-PREMIOS-CARNAVAL-221-479x320.jpg 479w\" sizes=\"auto, (max-width: 596px) 100vw, 596px\" \/><\/figure>\n<\/div>\n\n\n<p class=\"wp-block-paragraph\">Previo a dar inicio formal al encuentro, le fue realizado un tributo con 5 minutos de aplausos, al exintegrante de la legendaria agrupaci\u00f3n cultural hoy fenecido, \u00c0ngel Avalo cari\u00f1osamente (Mo\u00f1a), momento donde aflor\u00f3 tristeza entre sus compa\u00f1eros y todos sus conocidos quienes lamentan la partida a destiempo del joven talento.<\/p>\n\n\n\n<p class=\"wp-block-paragraph\">Al tomar la palabra, el alcalde Santo Ram\u00edrez exhort\u00f3 al Comit\u00e9 de Carnaval y aquellas personas que se trasladaron hasta el municipio para servir como jurados, a que sigan trillando el camino del trabajo bien realizado, al mismo tiempo ponder\u00f3 que se siente m\u00e1s que satisfecho por el empe\u00f1o puesto en el desarrollo del pasado carnaval a tal punto que alcanz\u00f3 un nivel m\u00e1ximo de excelencia, lo que tambi\u00e9n reconoce se debi\u00f3 a la disposici\u00f3n de los organismos de seguridad por atender al llamado de resguardar y estar pendiente en cada momento del evento.<\/p>\n\n\n\n<p class=\"wp-block-paragraph\">Les fueron otorgados reconocimientos a diferentes personalidades y gestores culturales, entre ellos Jos\u00e9 Guillermo Mieses, Antonio Espinal, Ram\u00f3n Rivas Aponte, Eddy Matos y Reinaldo S\u00e1nchez, as\u00ed como representaciones de la Polic\u00eda Nacional y DIGESSET.<\/p>\n\n\n\n<p class=\"wp-block-paragraph\">De su lado, el presidente de la comisi\u00f3n carnavalesca Luis Manuel Hern\u00e1ndez, resalt\u00f3 el gran apoyo que ha recibido del ejecutivo municipal desde comienzos de su gesti\u00f3n en la ejecuci\u00f3n de proyectos de beneficio al sector, agradeci\u00f3 adem\u00e1s a sus compa\u00f1eros de labor, as\u00ed como los agentes del orden p\u00fablico y el tr\u00e1nsito terrestre por entregarse en cuerpo y alma para que todo saliera a la perfecci\u00f3n y sin ning\u00fan incidente que lamentar.<\/p>\n\n\n\n<p class=\"wp-block-paragraph\">Al cabo de varios minutos se present\u00f3 nuevamente el Ballet Folcl\u00f3rico Municipal, esta vez con una pieza de merengue tradicional.<\/p>\n\n\n\n<p class=\"wp-block-paragraph\">M\u00e1s tarde fueron mencionados las comparsas que salieron victoriosas tras el evento, en el rengl\u00f3n Educativo el tercer lugar fue para (Celebrando el D\u00eda de San Andr\u00e9s) de la profesora Anabellys Reyes, el segundo lugar (Roba la Gallina Escolar de Gladys Suazo, el primer lugar fue para Barbies Models by Madelyn Mej\u00eda), mientras en el Individual el tercer lugar (Fantas\u00eda Calif\u00e9) de Rosanna Gonz\u00e1lez, segundo (Fantas\u00eda Boutil) de \u00c1ngelo Osorio, el primer lugar Roba la Gallina Caramelo de Luis Ernesto Brito, en el Provincial qued\u00f3 en tercer lugar (El Mundo de las Mariposas) de Emelin Garc\u00eda, el segundo (V\u00e1monos de Picnic) de Patricia de Castro, y el primer lugar (Fantas\u00eda Taina) de Starlin Aguasvivas, en tanto que en Regional el tercer lugar lo obtuvo (Roba la Gallina en Carnaval) de Carlos B\u00e1ez, el segundo (Estad\u00edo del Yo Ni\u00f1o) de confesora Valdez y el primer lugar (Fantas\u00eda de una Tradici\u00f3n Calif\u00e9) de Eliecer Peguero.<\/p>\n\n\n\n<p class=\"wp-block-paragraph\">En este hermoso acto estuvo el pleno del Comit\u00e9 de Carnaval que presiden Luis Manuel Hern\u00e1ndez y Marlenis D\u00edaz como presidente y vicepresidenta respectivamente, de igual modo asistieron amigos y allegados de los comparseros ganadores, core\u00f3grafos colaboradores de la festividad, empleados y funcionarios del cabildo.<\/p>\n","protected":false},"excerpt":{"rendered":"<p>BAN\u013a, Rep\u00fablica Dominicana.- El Ayuntamiento de Ban\u00ed hizo entrega de las premiaciones a las comparsas que resultaron ganadoras durante el desfile del Carnaval Regional Banilejo 2022, con un acto efectuado el pasado viernes 23 de septiembre en la Sala Capitular donde el Ballet Folcl\u00f3rico Municipal realiz\u00f3 la bienvenida a los presentes con un majestuoso opening [&hellip;]<\/p>\n","protected":false},"author":1,"featured_media":0,"comment_status":"open","ping_status":"open","sticky":false,"template":"","format":"standard","meta":{"_bbp_topic_count":0,"_bbp_reply_count":0,"_bbp_total_topic_count":0,"_bbp_total_reply_count":0,"_bbp_voice_count":0,"_bbp_anonymous_reply_count":0,"_bbp_topic_count_hidden":0,"_bbp_reply_count_hidden":0,"_bbp_forum_subforum_count":0,"footnotes":""},"categories":[39,60],"tags":[],"class_list":["post-370422","post","type-post","status-publish","format-standard","category-entretenimiento","category-titulares-del-dia"],"_links":{"self":[{"href":"https:\/\/primermomento.com\/index.php?rest_route=\/wp\/v2\/posts\/370422","targetHints":{"allow":["GET"]}}],"collection":[{"href":"https:\/\/primermomento.com\/index.php?rest_route=\/wp\/v2\/posts"}],"about":[{"href":"https:\/\/primermomento.com\/index.php?rest_route=\/wp\/v2\/types\/post"}],"author":[{"embeddable":true,"href":"https:\/\/primermomento.com\/index.php?rest_route=\/wp\/v2\/users\/1"}],"replies":[{"embeddable":true,"href":"https:\/\/primermomento.com\/index.php?rest_route=%2Fwp%2Fv2%2Fcomments&post=370422"}],"version-history":[{"count":1,"href":"https:\/\/primermomento.com\/index.php?rest_route=\/wp\/v2\/posts\/370422\/revisions"}],"predecessor-version":[{"id":370424,"href":"https:\/\/primermomento.com\/index.php?rest_route=\/wp\/v2\/posts\/370422\/revisions\/370424"}],"wp:attachment":[{"href":"https:\/\/primermomento.com\/index.php?rest_route=%2Fwp%2Fv2%2Fmedia&parent=370422"}],"wp:term":[{"taxonomy":"category","embeddable":true,"href":"https:\/\/primermomento.com\/index.php?rest_route=%2Fwp%2Fv2%2Fcategories&post=370422"},{"taxonomy":"post_tag","embeddable":true,"href":"https:\/\/primermomento.com\/index.php?rest_route=%2Fwp%2Fv2%2Ftags&post=370422"}],"curies":[{"name":"wp","href":"https:\/\/api.w.org\/{rel}","templated":true}]}}