{"id":370947,"date":"2022-10-04T08:04:00","date_gmt":"2022-10-04T12:04:00","guid":{"rendered":"http:\/\/primermomento.com\/?p=370947"},"modified":"2022-10-04T20:06:13","modified_gmt":"2022-10-05T00:06:13","slug":"fallecio-cantante-loretta-lynn-estrella-de-country-en-estados-unidos","status":"publish","type":"post","link":"https:\/\/primermomento.com\/?p=370947","title":{"rendered":"Falleci\u00f3 cantante Loretta Lynn, estrella de country en Estados Unidos"},"content":{"rendered":"\n<p class=\"wp-block-paragraph\">WASHINGTON, EEUU.- La cantante Loretta Lynn, considerada \u00edcono del country en Estados Unidos, falleci\u00f3 hoy a los 90 a\u00f1os mientras dorm\u00eda en su rancho ubicado en la localidad de Hurricane Mills, confirm\u00f3 su familia en un comunicado.<\/p>\n\n\n<div class=\"wp-block-image\">\n<figure class=\"aligncenter size-full\"><img loading=\"lazy\" decoding=\"async\" width=\"1024\" height=\"683\" src=\"http:\/\/primermomento.com\/wp-content\/uploads\/2022\/10\/LorettaLynn.jpg\" alt=\"\" class=\"wp-image-370948\" srcset=\"https:\/\/primermomento.com\/wp-content\/uploads\/2022\/10\/LorettaLynn.jpg 1024w, https:\/\/primermomento.com\/wp-content\/uploads\/2022\/10\/LorettaLynn-300x200.jpg 300w, https:\/\/primermomento.com\/wp-content\/uploads\/2022\/10\/LorettaLynn-768x512.jpg 768w, https:\/\/primermomento.com\/wp-content\/uploads\/2022\/10\/LorettaLynn-73x50.jpg 73w, https:\/\/primermomento.com\/wp-content\/uploads\/2022\/10\/LorettaLynn-500x333.jpg 500w, https:\/\/primermomento.com\/wp-content\/uploads\/2022\/10\/LorettaLynn-280x187.jpg 280w, https:\/\/primermomento.com\/wp-content\/uploads\/2022\/10\/LorettaLynn-60x40.jpg 60w, https:\/\/primermomento.com\/wp-content\/uploads\/2022\/10\/LorettaLynn-638x426.jpg 638w, https:\/\/primermomento.com\/wp-content\/uploads\/2022\/10\/LorettaLynn-118x79.jpg 118w, https:\/\/primermomento.com\/wp-content\/uploads\/2022\/10\/LorettaLynn-479x319.jpg 479w\" sizes=\"auto, (max-width: 1024px) 100vw, 1024px\" \/><\/figure>\n<\/div>\n\n\n<p class=\"wp-block-paragraph\">De acuerdo con la informaci\u00f3n divulgada, se trat\u00f3 de una muerte pac\u00edfica que apag\u00f3 para siempre la vida de la int\u00e9rprete luego de varias hospitalizaciones por agotamiento, neumon\u00eda y las consecuencias de un derrame cerebral ocurrido en 2017.<\/p>\n\n\n\n<p class=\"wp-block-paragraph\">Sin embargo, Lynn se mostraba dispuesta a continuar trabajando y reapareciendo entre sus fan\u00e1ticos tal y como hizo durante la ceremonia de ingreso al Sal\u00f3n de la Fama de la M\u00fasica Country de su colega y amigo Alan Jackson.<\/p>\n\n\n\n<p class=\"wp-block-paragraph\">Aquel evento \u201cmarc\u00f3 su primera aparici\u00f3n p\u00fablica en Nashville desde sus problemas de salud\u201d y revalid\u00f3 el cari\u00f1o de los m\u00e1s de 800 espectadores presentes en la gala, quienes le regalaron fuertes y extendidos aplausos de bienvenida.<\/p>\n\n\n\n<p class=\"wp-block-paragraph\">Semejante reacci\u00f3n caus\u00f3 la noticia de su deceso en las redes sociales donde amigos y admiradores multiplicaron los agradecimientos y la admiraci\u00f3n por su obra musical cual si fuera una estridente ovaci\u00f3n con todo un teatro de pie.<\/p>\n\n\n\n<p class=\"wp-block-paragraph\">\u201cEra una leyenda emblem\u00e1tica y hac\u00eda las cosas como quer\u00eda. Me siento tan bendecido de considerarla una amiga. Ya te extra\u00f1o Loretta. Te quiero. Descansa \u00e1ngel\u201d, escribi\u00f3 el cantante y compositor estadounidense Darius Rucker en la red social Twitter.<\/p>\n\n\n\n<p class=\"wp-block-paragraph\">Por su parte, la vocalista Stella Parton dijo tener el coraz\u00f3n roto por la partida de su querida amiga, a quien dese\u00f3 un decanso en dulce paz y asegur\u00f3 perpetuarla en su recuerdo mediante todas las risas y encuentros compartidos.<\/p>\n\n\n\n<p class=\"wp-block-paragraph\">El cr\u00edtico de m\u00fasica Steven Hyden consider\u00f3 a Loretta una \u201cgran cantante y uno de los \u00edconos m\u00e1s atrevidos y geniales del country de todos los tiempos que ayud\u00f3 a llevar al g\u00e9nero a una \u00e9poca m\u00e1s contempor\u00e1nea\u201d.<\/p>\n\n\n\n<p class=\"wp-block-paragraph\">Seg\u00fan asegur\u00f3 la directora general de la Asociaci\u00f3n de M\u00fasica Country, Sarah Trahern, su partida f\u00edsica deja al mundo sin una leyenda musical que transform\u00f3 al country en un arte universal y dej\u00f3 en sus letras la evidencia de una \u00e9poca.<\/p>\n\n\n\n<p class=\"wp-block-paragraph\">Lynn escribi\u00f3 valientemente sobre temas social y culturalmente relevantes que definieron una generaci\u00f3n (\u2026) Su esp\u00edritu, su arte y su genialidad rivalizaban con contempor\u00e1neos como Bob Dylan, John Lennon y Paul McCartney, signific\u00f3.<\/p>\n\n\n\n<p class=\"wp-block-paragraph\">Entre los reconocimientos que realzan en el curr\u00edculum de la cantautora figura el Kennedy Center Honor y el hecho de ser la primera mujer en conquistar el premio de Artista Femenina del A\u00f1o de la Asociaci\u00f3n de M\u00fasica Country en 1972.<\/p>\n\n\n\n<p class=\"has-text-align-right wp-block-paragraph\"><em>PL<\/em><\/p>\n","protected":false},"excerpt":{"rendered":"<p>WASHINGTON, EEUU.- La cantante Loretta Lynn, considerada \u00edcono del country en Estados Unidos, falleci\u00f3 hoy a los 90 a\u00f1os mientras dorm\u00eda en su rancho ubicado en la localidad de Hurricane Mills, confirm\u00f3 su familia en un comunicado. De acuerdo con la informaci\u00f3n divulgada, se trat\u00f3 de una muerte pac\u00edfica que apag\u00f3 para siempre la vida [&hellip;]<\/p>\n","protected":false},"author":1,"featured_media":0,"comment_status":"open","ping_status":"open","sticky":false,"template":"","format":"standard","meta":{"_bbp_topic_count":0,"_bbp_reply_count":0,"_bbp_total_topic_count":0,"_bbp_total_reply_count":0,"_bbp_voice_count":0,"_bbp_anonymous_reply_count":0,"_bbp_topic_count_hidden":0,"_bbp_reply_count_hidden":0,"_bbp_forum_subforum_count":0,"footnotes":""},"categories":[39],"tags":[],"class_list":["post-370947","post","type-post","status-publish","format-standard","category-entretenimiento"],"_links":{"self":[{"href":"https:\/\/primermomento.com\/index.php?rest_route=\/wp\/v2\/posts\/370947","targetHints":{"allow":["GET"]}}],"collection":[{"href":"https:\/\/primermomento.com\/index.php?rest_route=\/wp\/v2\/posts"}],"about":[{"href":"https:\/\/primermomento.com\/index.php?rest_route=\/wp\/v2\/types\/post"}],"author":[{"embeddable":true,"href":"https:\/\/primermomento.com\/index.php?rest_route=\/wp\/v2\/users\/1"}],"replies":[{"embeddable":true,"href":"https:\/\/primermomento.com\/index.php?rest_route=%2Fwp%2Fv2%2Fcomments&post=370947"}],"version-history":[{"count":1,"href":"https:\/\/primermomento.com\/index.php?rest_route=\/wp\/v2\/posts\/370947\/revisions"}],"predecessor-version":[{"id":370949,"href":"https:\/\/primermomento.com\/index.php?rest_route=\/wp\/v2\/posts\/370947\/revisions\/370949"}],"wp:attachment":[{"href":"https:\/\/primermomento.com\/index.php?rest_route=%2Fwp%2Fv2%2Fmedia&parent=370947"}],"wp:term":[{"taxonomy":"category","embeddable":true,"href":"https:\/\/primermomento.com\/index.php?rest_route=%2Fwp%2Fv2%2Fcategories&post=370947"},{"taxonomy":"post_tag","embeddable":true,"href":"https:\/\/primermomento.com\/index.php?rest_route=%2Fwp%2Fv2%2Ftags&post=370947"}],"curies":[{"name":"wp","href":"https:\/\/api.w.org\/{rel}","templated":true}]}}