{"id":371421,"date":"2022-10-13T14:40:26","date_gmt":"2022-10-13T18:40:26","guid":{"rendered":"http:\/\/primermomento.com\/?p=371421"},"modified":"2022-10-13T14:40:27","modified_gmt":"2022-10-13T18:40:27","slug":"banl-comite-fiestas-patronales-2022-presento-noche-de-reinas","status":"publish","type":"post","link":"https:\/\/primermomento.com\/?p=371421","title":{"rendered":"BAN\u013a | Comit\u00e9 Fiestas Patronales 2022 present\u00f3 Noche de Reinas"},"content":{"rendered":"\n<p class=\"wp-block-paragraph\">BAN\u013a, Rep\u00fablica Dominicana.- Mucha elegancia y talento se pusieron de manifiesto durante la Rueda de Prensa donde fueron presentadas las candidatas que estar\u00e1n participando en la \u201cNoche de Reinas\u201d que se enmarca en la celebraci\u00f3n de las Fiestas Patronales correspondientes al presente a\u00f1o 2022, en honor a la virgen Nuestra Se\u00f1ora de Regla patrona del pueblo de Ban\u00ed.<\/p>\n\n\n<div class=\"wp-block-image\">\n<figure class=\"aligncenter size-full\"><img loading=\"lazy\" decoding=\"async\" width=\"596\" height=\"398\" src=\"http:\/\/primermomento.com\/wp-content\/uploads\/2022\/10\/RueDA-DE-PRENSA-REINADO.jpg\" alt=\"\" class=\"wp-image-371422\" srcset=\"https:\/\/primermomento.com\/wp-content\/uploads\/2022\/10\/RueDA-DE-PRENSA-REINADO.jpg 596w, https:\/\/primermomento.com\/wp-content\/uploads\/2022\/10\/RueDA-DE-PRENSA-REINADO-300x200.jpg 300w, https:\/\/primermomento.com\/wp-content\/uploads\/2022\/10\/RueDA-DE-PRENSA-REINADO-73x50.jpg 73w, https:\/\/primermomento.com\/wp-content\/uploads\/2022\/10\/RueDA-DE-PRENSA-REINADO-500x334.jpg 500w, https:\/\/primermomento.com\/wp-content\/uploads\/2022\/10\/RueDA-DE-PRENSA-REINADO-280x187.jpg 280w, https:\/\/primermomento.com\/wp-content\/uploads\/2022\/10\/RueDA-DE-PRENSA-REINADO-60x40.jpg 60w, https:\/\/primermomento.com\/wp-content\/uploads\/2022\/10\/RueDA-DE-PRENSA-REINADO-118x79.jpg 118w, https:\/\/primermomento.com\/wp-content\/uploads\/2022\/10\/RueDA-DE-PRENSA-REINADO-479x320.jpg 479w\" sizes=\"auto, (max-width: 596px) 100vw, 596px\" \/><\/figure>\n<\/div>\n\n\n<p class=\"wp-block-paragraph\">El ejecutivo municipal destac\u00f3 que por fin se podr\u00e1 consumar un reinado diferente y sin tantas restricciones como el pasado a\u00f1o cuando azot\u00f3 la pandemia, lo que obligaba al uso de mascarillas y no permit\u00eda identificar el rostro de las personas. Sostuvo adem\u00e1s que como Ayuntamiento de Ban\u00ed brindar\u00e1n todo el apoyo necesario para que se efect\u00fae una fiesta en grande como Ban\u00ed se lo merece y anunci\u00f3 que a titulo personal donar\u00e1 10,000 pesos a cada una de las beldades inmersas en el certamen.<\/p>\n\n\n\n<p class=\"wp-block-paragraph\">Nueve hermosas chicas se debatir\u00e1n la corona en este importante concurso que cuenta con el auspicio del Ayuntamiento de Ban\u00ed que encabeza el honorable alcalde Santo Ram\u00edrez, las que estuvieron desfilando y demostrando sus dones para tales fines ante el p\u00fablico que se dio cita al restaurant Gaia&#8217;s Rooftop Tapas Bar, lugar que sirvi\u00f3 como escenario para el evento donde el joven Starlin Aguasvivas, realiz\u00f3 la maestr\u00eda de ceremonias.<\/p>\n\n\n\n<p class=\"wp-block-paragraph\">El profesor Luis Manuel Hern\u00e1ndez ofreci\u00f3 la bienvenida, tras saludar y dar gracias a todos los asistentes, valor\u00f3 el apoyo incondicional que le ha dado el alcalde Santo Ram\u00edrez al desarrollo del certamen y de igual modo, indic\u00f3 que las j\u00f3venes que resultaron seleccionadas proceden de diferentes centros de estudios p\u00fablicos y privados y diferentes academias de modelajes, salud\u00f3 la entrega de los integrantes de la comisi\u00f3n por estar pendientes de cada detalle.<\/p>\n\n\n\n<p class=\"wp-block-paragraph\">En el transcurso de la actividad fue anunciado que el artista invitado para la noche final ser\u00e1 Shadow Blow.<\/p>\n\n\n\n<p class=\"wp-block-paragraph\">Los nombres de las j\u00f3venes que competir\u00e1n en el certamen Noche de Reinas el pr\u00f3ximo cuatro de noviembre en el Cine Teatro Vaganiona las 8pm son: Yunilaisa Lara, Eliana Feliz, Princel D\u00edaz, Erika Pe\u00f1a, Crist\u00edn Reynoso, Channy Castillo, Edwlenny Matos, Chenoa Deliza y Ailin Mart\u00ednez.<\/p>\n\n\n\n<p class=\"wp-block-paragraph\">Dentro de los asistentes se mencionan a las autoridades entre ellos el pleno del Comit\u00e9 de Fiestas Patronales Ban\u00ed 2022, la vicealcaldesa Adriana Soto, en representaci\u00f3n de la gobernadora provincial Yadira B\u00e1ez su asistente Linet del Rosario, la edil Carolina D\u00edaz, el director provincial de Turismo Lendy Reyes, el director provincial de Agricultura Rafael Soto (Kilo), as\u00ed como representantes de diferentes cert\u00e1menes de bellezas.<\/p>\n","protected":false},"excerpt":{"rendered":"<p>BAN\u013a, Rep\u00fablica Dominicana.- Mucha elegancia y talento se pusieron de manifiesto durante la Rueda de Prensa donde fueron presentadas las candidatas que estar\u00e1n participando en la \u201cNoche de Reinas\u201d que se enmarca en la celebraci\u00f3n de las Fiestas Patronales correspondientes al presente a\u00f1o 2022, en honor a la virgen Nuestra Se\u00f1ora de Regla patrona del [&hellip;]<\/p>\n","protected":false},"author":1,"featured_media":0,"comment_status":"open","ping_status":"open","sticky":false,"template":"","format":"standard","meta":{"_bbp_topic_count":0,"_bbp_reply_count":0,"_bbp_total_topic_count":0,"_bbp_total_reply_count":0,"_bbp_voice_count":0,"_bbp_anonymous_reply_count":0,"_bbp_topic_count_hidden":0,"_bbp_reply_count_hidden":0,"_bbp_forum_subforum_count":0,"footnotes":""},"categories":[39,60],"tags":[],"class_list":["post-371421","post","type-post","status-publish","format-standard","category-entretenimiento","category-titulares-del-dia"],"_links":{"self":[{"href":"https:\/\/primermomento.com\/index.php?rest_route=\/wp\/v2\/posts\/371421","targetHints":{"allow":["GET"]}}],"collection":[{"href":"https:\/\/primermomento.com\/index.php?rest_route=\/wp\/v2\/posts"}],"about":[{"href":"https:\/\/primermomento.com\/index.php?rest_route=\/wp\/v2\/types\/post"}],"author":[{"embeddable":true,"href":"https:\/\/primermomento.com\/index.php?rest_route=\/wp\/v2\/users\/1"}],"replies":[{"embeddable":true,"href":"https:\/\/primermomento.com\/index.php?rest_route=%2Fwp%2Fv2%2Fcomments&post=371421"}],"version-history":[{"count":1,"href":"https:\/\/primermomento.com\/index.php?rest_route=\/wp\/v2\/posts\/371421\/revisions"}],"predecessor-version":[{"id":371423,"href":"https:\/\/primermomento.com\/index.php?rest_route=\/wp\/v2\/posts\/371421\/revisions\/371423"}],"wp:attachment":[{"href":"https:\/\/primermomento.com\/index.php?rest_route=%2Fwp%2Fv2%2Fmedia&parent=371421"}],"wp:term":[{"taxonomy":"category","embeddable":true,"href":"https:\/\/primermomento.com\/index.php?rest_route=%2Fwp%2Fv2%2Fcategories&post=371421"},{"taxonomy":"post_tag","embeddable":true,"href":"https:\/\/primermomento.com\/index.php?rest_route=%2Fwp%2Fv2%2Ftags&post=371421"}],"curies":[{"name":"wp","href":"https:\/\/api.w.org\/{rel}","templated":true}]}}