{"id":371755,"date":"2022-10-19T08:58:00","date_gmt":"2022-10-19T12:58:00","guid":{"rendered":"http:\/\/primermomento.com\/?p=371755"},"modified":"2022-10-19T16:00:53","modified_gmt":"2022-10-19T20:00:53","slug":"pelicula-de-superheroes-black-adam-se-estrenara-en-eeuu","status":"publish","type":"post","link":"https:\/\/primermomento.com\/?p=371755","title":{"rendered":"Pel\u00edcula de superh\u00e9roes Black Adam se estrenar\u00e1 en EEUU"},"content":{"rendered":"\n<p class=\"wp-block-paragraph\">WASHINGTON, EEUU.- La pel\u00edcula estadounidense de superh\u00e9roes Black Adam se estrenar\u00e1 este viernes en los cine de Estados Unidos, dirigida por el realizador espa\u00f1ol Jaume Collet-Serra, indic\u00f3 hoy en Twitter el estudio productor New Line Cinema.<\/p>\n\n\n<div class=\"wp-block-image\">\n<figure class=\"aligncenter size-full\"><img loading=\"lazy\" decoding=\"async\" width=\"768\" height=\"768\" src=\"http:\/\/primermomento.com\/wp-content\/uploads\/2022\/10\/Black-Adam.jpg\" alt=\"\" class=\"wp-image-371756\" srcset=\"https:\/\/primermomento.com\/wp-content\/uploads\/2022\/10\/Black-Adam.jpg 768w, https:\/\/primermomento.com\/wp-content\/uploads\/2022\/10\/Black-Adam-300x300.jpg 300w, https:\/\/primermomento.com\/wp-content\/uploads\/2022\/10\/Black-Adam-150x150.jpg 150w, https:\/\/primermomento.com\/wp-content\/uploads\/2022\/10\/Black-Adam-50x50.jpg 50w, https:\/\/primermomento.com\/wp-content\/uploads\/2022\/10\/Black-Adam-500x500.jpg 500w, https:\/\/primermomento.com\/wp-content\/uploads\/2022\/10\/Black-Adam-220x220.jpg 220w, https:\/\/primermomento.com\/wp-content\/uploads\/2022\/10\/Black-Adam-638x638.jpg 638w, https:\/\/primermomento.com\/wp-content\/uploads\/2022\/10\/Black-Adam-118x118.jpg 118w, https:\/\/primermomento.com\/wp-content\/uploads\/2022\/10\/Black-Adam-479x479.jpg 479w, https:\/\/primermomento.com\/wp-content\/uploads\/2022\/10\/Black-Adam-30x30.jpg 30w\" sizes=\"auto, (max-width: 768px) 100vw, 768px\" \/><\/figure>\n<\/div>\n\n\n<p class=\"wp-block-paragraph\">La cinta, protagonizada por la estrella de Hollywwod Dwayne Johnson (conocida como La Roca), est\u00e1 basada en el personaje Black Adam que apareci\u00f3 por primera vez en un c\u00f3mic de la editorial Fawcett (1945), aunque desde la d\u00e9cada de 1970 fue adquirido por la empresa DC Comics, primero como supervillano y luego como superh\u00e9roe.<\/p>\n\n\n\n<p class=\"wp-block-paragraph\">El antiguo h\u00e9roe de Kahndaq, un pa\u00eds ficticio, es liberado de prisi\u00f3n despu\u00e9s de cinco mil a\u00f1os encarcelado y est\u00e1 confundido al encontrar que la antigua civilizaci\u00f3n donde creci\u00f3 es una metr\u00f3polis moderna liderada por la Sociedad de la Justicia de Am\u00e9rica.<\/p>\n\n\n\n<p class=\"wp-block-paragraph\">Seg\u00fan Collet-Serra, el filme supone el debut del taquillero actor en un nuevo proyecto de la franquicia DC Comics, un punto de inflexi\u00f3n para el sello cinematogr\u00e1fico responsable de que Batman, Superman, Wonder Woman y el mism\u00edsimo Joker quedaran inmortalizados en el cine.<\/p>\n\n\n\n<p class=\"has-text-align-right wp-block-paragraph\"><em>PL<\/em><\/p>\n","protected":false},"excerpt":{"rendered":"<p>WASHINGTON, EEUU.- La pel\u00edcula estadounidense de superh\u00e9roes Black Adam se estrenar\u00e1 este viernes en los cine de Estados Unidos, dirigida por el realizador espa\u00f1ol Jaume Collet-Serra, indic\u00f3 hoy en Twitter el estudio productor New Line Cinema. La cinta, protagonizada por la estrella de Hollywwod Dwayne Johnson (conocida como La Roca), est\u00e1 basada en el personaje [&hellip;]<\/p>\n","protected":false},"author":1,"featured_media":0,"comment_status":"open","ping_status":"open","sticky":false,"template":"","format":"standard","meta":{"_bbp_topic_count":0,"_bbp_reply_count":0,"_bbp_total_topic_count":0,"_bbp_total_reply_count":0,"_bbp_voice_count":0,"_bbp_anonymous_reply_count":0,"_bbp_topic_count_hidden":0,"_bbp_reply_count_hidden":0,"_bbp_forum_subforum_count":0,"footnotes":""},"categories":[39,60],"tags":[],"class_list":["post-371755","post","type-post","status-publish","format-standard","category-entretenimiento","category-titulares-del-dia"],"_links":{"self":[{"href":"https:\/\/primermomento.com\/index.php?rest_route=\/wp\/v2\/posts\/371755","targetHints":{"allow":["GET"]}}],"collection":[{"href":"https:\/\/primermomento.com\/index.php?rest_route=\/wp\/v2\/posts"}],"about":[{"href":"https:\/\/primermomento.com\/index.php?rest_route=\/wp\/v2\/types\/post"}],"author":[{"embeddable":true,"href":"https:\/\/primermomento.com\/index.php?rest_route=\/wp\/v2\/users\/1"}],"replies":[{"embeddable":true,"href":"https:\/\/primermomento.com\/index.php?rest_route=%2Fwp%2Fv2%2Fcomments&post=371755"}],"version-history":[{"count":1,"href":"https:\/\/primermomento.com\/index.php?rest_route=\/wp\/v2\/posts\/371755\/revisions"}],"predecessor-version":[{"id":371757,"href":"https:\/\/primermomento.com\/index.php?rest_route=\/wp\/v2\/posts\/371755\/revisions\/371757"}],"wp:attachment":[{"href":"https:\/\/primermomento.com\/index.php?rest_route=%2Fwp%2Fv2%2Fmedia&parent=371755"}],"wp:term":[{"taxonomy":"category","embeddable":true,"href":"https:\/\/primermomento.com\/index.php?rest_route=%2Fwp%2Fv2%2Fcategories&post=371755"},{"taxonomy":"post_tag","embeddable":true,"href":"https:\/\/primermomento.com\/index.php?rest_route=%2Fwp%2Fv2%2Ftags&post=371755"}],"curies":[{"name":"wp","href":"https:\/\/api.w.org\/{rel}","templated":true}]}}