{"id":371995,"date":"2022-10-24T11:25:00","date_gmt":"2022-10-24T15:25:00","guid":{"rendered":"http:\/\/primermomento.com\/?p=371995"},"modified":"2022-10-24T15:25:33","modified_gmt":"2022-10-24T19:25:33","slug":"banl-reconocen-ballet-folclorico-municipal-en-el-nataliacio-de-salome-urena","status":"publish","type":"post","link":"https:\/\/primermomento.com\/?p=371995","title":{"rendered":"BAN\u013a | Reconocen ballet folcl\u00f3rico municipal en el nataliacio de Salom\u00e9 Ure\u00f1a"},"content":{"rendered":"\n<p class=\"wp-block-paragraph\">BAN\u013a, Rep\u00fablica Dominicana.- El pasado s\u00e1bado 22 de octubre en el marco de la conmemoraci\u00f3n del natalicio de la educadora y poetiza Salom\u00e9 Ure\u00f1a El Movimiento Cultural Peraviano reconoci\u00f3 el Ballet Folcl\u00f3rico Municipal, en un emotivo acto celebrado en el Cine Teatro Vaganiona.<\/p>\n\n\n<div class=\"wp-block-image\">\n<figure class=\"aligncenter size-full\"><img loading=\"lazy\" decoding=\"async\" width=\"596\" height=\"398\" src=\"http:\/\/primermomento.com\/wp-content\/uploads\/2022\/10\/Ballet-folclorico-municipal.jpg\" alt=\"\" class=\"wp-image-371996\" srcset=\"https:\/\/primermomento.com\/wp-content\/uploads\/2022\/10\/Ballet-folclorico-municipal.jpg 596w, https:\/\/primermomento.com\/wp-content\/uploads\/2022\/10\/Ballet-folclorico-municipal-300x200.jpg 300w, https:\/\/primermomento.com\/wp-content\/uploads\/2022\/10\/Ballet-folclorico-municipal-73x50.jpg 73w, https:\/\/primermomento.com\/wp-content\/uploads\/2022\/10\/Ballet-folclorico-municipal-500x334.jpg 500w, https:\/\/primermomento.com\/wp-content\/uploads\/2022\/10\/Ballet-folclorico-municipal-280x187.jpg 280w, https:\/\/primermomento.com\/wp-content\/uploads\/2022\/10\/Ballet-folclorico-municipal-60x40.jpg 60w, https:\/\/primermomento.com\/wp-content\/uploads\/2022\/10\/Ballet-folclorico-municipal-118x79.jpg 118w, https:\/\/primermomento.com\/wp-content\/uploads\/2022\/10\/Ballet-folclorico-municipal-479x320.jpg 479w\" sizes=\"auto, (max-width: 596px) 100vw, 596px\" \/><\/figure>\n<\/div>\n\n\n<p class=\"wp-block-paragraph\">El galard\u00f3n fue recibido por el subdirector de Cultura del cabildo y profesor del ballet municipal Eliecer Peguero, quien motivado agradeci\u00f3 por tenerlos en cuenta, al tiempo de manifestar la maravillosa experiencia de volver a estar junto a otros compa\u00f1eros de oficio en un mismo escenario. Indic\u00f3 que seguir\u00e1n dando lo mejor en cada presentaci\u00f3n para poner su ciudad natal en alto y a la vez, agradeci\u00f3 el apoyo brindado desde la Alcald\u00eda Ban\u00ed en la persona del alcalde Santo Ram\u00edrez.<\/p>\n\n\n\n<p class=\"wp-block-paragraph\">En el evento grupos culturales que recientemente estudiaron teatro en capacitaciones impartidas por el Ministerio de Cultura Provincial a quienes de igual modo les fueron entregados sus respectivos certificados de reconocimientos, realizaron una excelente interpretaci\u00f3n bajo la direcci\u00f3n del profesor Jorge Junior G\u00f3mez quien estuvo manejando el arte esc\u00e9nico para que la pieza resultara un \u00e9xito.<\/p>\n\n\n\n<p class=\"wp-block-paragraph\">En la novela trataron temas comunes que se dan muy frecuente en la sociedad actual donde se viven amores de lejos, lo que provoca el sufrimiento de ambas partes, sin dejar de lado la esencia del Salom\u00e9 Ure\u00f1a, quien en aquella \u00e9poca centr\u00f3 su atenci\u00f3n hacia el amor a la Patria y su entorno familiar. Aunque la obra no fue muy extensa, logr\u00f3 concitar la atenci\u00f3n y emoci\u00f3n del p\u00fablico all\u00ed presente.<\/p>\n\n\n\n<p class=\"wp-block-paragraph\">Entre las dem\u00e1s atracciones art\u00edsticas y que ya forman parte de las tradicionales y manifestaci\u00f3n cultural del municipio que se pusieron de manifiesto durante la actividad, se encuentran La Sarandunga de la Vereda, Chuineros de Ca\u00f1afistol, Marumbia y Las Niza, mientras que al final El Ballet Folcl\u00f3rico Municipal tambi\u00e9n se sum\u00f3 con la simbolizaci\u00f3n del Sincretismo.<\/p>\n\n\n\n<p class=\"wp-block-paragraph\">En representaci\u00f3n del Concejo Edilicio estuvieron los ediles Le\u00f3nidas D\u00edaz, Carolina D\u00edaz, Denny Pe\u00f1a, Judy Peguero y as\u00ed como gestores culturales, core\u00f3grafos, diferentes personalidades del \u00e1mbito socio-cultural de toda la provincia y estudiantes de algunos centros educativos de este municipio.<\/p>\n","protected":false},"excerpt":{"rendered":"<p>BAN\u013a, Rep\u00fablica Dominicana.- El pasado s\u00e1bado 22 de octubre en el marco de la conmemoraci\u00f3n del natalicio de la educadora y poetiza Salom\u00e9 Ure\u00f1a El Movimiento Cultural Peraviano reconoci\u00f3 el Ballet Folcl\u00f3rico Municipal, en un emotivo acto celebrado en el Cine Teatro Vaganiona. El galard\u00f3n fue recibido por el subdirector de Cultura del cabildo y [&hellip;]<\/p>\n","protected":false},"author":1,"featured_media":0,"comment_status":"open","ping_status":"open","sticky":false,"template":"","format":"standard","meta":{"_bbp_topic_count":0,"_bbp_reply_count":0,"_bbp_total_topic_count":0,"_bbp_total_reply_count":0,"_bbp_voice_count":0,"_bbp_anonymous_reply_count":0,"_bbp_topic_count_hidden":0,"_bbp_reply_count_hidden":0,"_bbp_forum_subforum_count":0,"footnotes":""},"categories":[39,60],"tags":[],"class_list":["post-371995","post","type-post","status-publish","format-standard","category-entretenimiento","category-titulares-del-dia"],"_links":{"self":[{"href":"https:\/\/primermomento.com\/index.php?rest_route=\/wp\/v2\/posts\/371995","targetHints":{"allow":["GET"]}}],"collection":[{"href":"https:\/\/primermomento.com\/index.php?rest_route=\/wp\/v2\/posts"}],"about":[{"href":"https:\/\/primermomento.com\/index.php?rest_route=\/wp\/v2\/types\/post"}],"author":[{"embeddable":true,"href":"https:\/\/primermomento.com\/index.php?rest_route=\/wp\/v2\/users\/1"}],"replies":[{"embeddable":true,"href":"https:\/\/primermomento.com\/index.php?rest_route=%2Fwp%2Fv2%2Fcomments&post=371995"}],"version-history":[{"count":1,"href":"https:\/\/primermomento.com\/index.php?rest_route=\/wp\/v2\/posts\/371995\/revisions"}],"predecessor-version":[{"id":371997,"href":"https:\/\/primermomento.com\/index.php?rest_route=\/wp\/v2\/posts\/371995\/revisions\/371997"}],"wp:attachment":[{"href":"https:\/\/primermomento.com\/index.php?rest_route=%2Fwp%2Fv2%2Fmedia&parent=371995"}],"wp:term":[{"taxonomy":"category","embeddable":true,"href":"https:\/\/primermomento.com\/index.php?rest_route=%2Fwp%2Fv2%2Fcategories&post=371995"},{"taxonomy":"post_tag","embeddable":true,"href":"https:\/\/primermomento.com\/index.php?rest_route=%2Fwp%2Fv2%2Ftags&post=371995"}],"curies":[{"name":"wp","href":"https:\/\/api.w.org\/{rel}","templated":true}]}}