{"id":372521,"date":"2022-11-02T00:33:00","date_gmt":"2022-11-02T04:33:00","guid":{"rendered":"http:\/\/primermomento.com\/?p=372521"},"modified":"2022-11-02T13:35:34","modified_gmt":"2022-11-02T17:35:34","slug":"la-cultura-y-el-arte-brillaron-con-la-presencia-de-enrique-feliz","status":"publish","type":"post","link":"https:\/\/primermomento.com\/?p=372521","title":{"rendered":"La cultura y el arte brillaron con la presencia de Enrique Feliz"},"content":{"rendered":"\n<p class=\"wp-block-paragraph\">NUEVA YORK, EEUU.- La cultura y el arte brillaron en el Alto Manhattan con la presencia del afamado cantautor dominicano Enrique Feliz, una gloria del arte en la Rep\u00fablica Dominicana y varios pa\u00edses del mundo.<\/p>\n\n\n<div class=\"wp-block-image\">\n<figure class=\"aligncenter size-full\"><img loading=\"lazy\" decoding=\"async\" width=\"769\" height=\"577\" src=\"http:\/\/primermomento.com\/wp-content\/uploads\/2022\/11\/1-La-cultura-y-el-arte-brillaron-en-el-Alto-Manhattan-con-la-presencia-de-Enrique-Feliz.jpg\" alt=\"\" class=\"wp-image-372522\" srcset=\"https:\/\/primermomento.com\/wp-content\/uploads\/2022\/11\/1-La-cultura-y-el-arte-brillaron-en-el-Alto-Manhattan-con-la-presencia-de-Enrique-Feliz.jpg 769w, https:\/\/primermomento.com\/wp-content\/uploads\/2022\/11\/1-La-cultura-y-el-arte-brillaron-en-el-Alto-Manhattan-con-la-presencia-de-Enrique-Feliz-300x225.jpg 300w, https:\/\/primermomento.com\/wp-content\/uploads\/2022\/11\/1-La-cultura-y-el-arte-brillaron-en-el-Alto-Manhattan-con-la-presencia-de-Enrique-Feliz-120x90.jpg 120w, https:\/\/primermomento.com\/wp-content\/uploads\/2022\/11\/1-La-cultura-y-el-arte-brillaron-en-el-Alto-Manhattan-con-la-presencia-de-Enrique-Feliz-500x375.jpg 500w, https:\/\/primermomento.com\/wp-content\/uploads\/2022\/11\/1-La-cultura-y-el-arte-brillaron-en-el-Alto-Manhattan-con-la-presencia-de-Enrique-Feliz-280x210.jpg 280w, https:\/\/primermomento.com\/wp-content\/uploads\/2022\/11\/1-La-cultura-y-el-arte-brillaron-en-el-Alto-Manhattan-con-la-presencia-de-Enrique-Feliz-638x479.jpg 638w, https:\/\/primermomento.com\/wp-content\/uploads\/2022\/11\/1-La-cultura-y-el-arte-brillaron-en-el-Alto-Manhattan-con-la-presencia-de-Enrique-Feliz-118x89.jpg 118w, https:\/\/primermomento.com\/wp-content\/uploads\/2022\/11\/1-La-cultura-y-el-arte-brillaron-en-el-Alto-Manhattan-con-la-presencia-de-Enrique-Feliz-479x359.jpg 479w\" sizes=\"auto, (max-width: 769px) 100vw, 769px\" \/><\/figure>\n<\/div>\n\n\n<p class=\"wp-block-paragraph\">Su presentaci\u00f3n fue el pasado fin de semana en Mamajuana Caf\u00e9, ubicado en el 247 de la calle Dyckman con la avenida Payson, ante un p\u00fablico de diversas razas \u00e9tnicas, explay\u00e1ndose con sus mejores \u00e9xitos en varios idiomas.&nbsp;<\/p>\n\n\n\n<p class=\"wp-block-paragraph\">Su presentaci\u00f3n a cargo de Mayimba Music es en el marco del primer \u201cShowcase de ASCAP Latino Postpandemia\u201d llamado \u201cDANDO CUERDA\u201d, brindando una magn\u00edfica oportunidad para ver y apreciar de cerca la obra musical de uno de los m\u00e1s finos y respetados cantautores quisqueyanos.<\/p>\n\n\n\n<p class=\"wp-block-paragraph\">Interpret\u00f3 varios de los \u00e9xitos que ha producido tanto en su voz como en la de los principales exponentes de los ritmos tropicales, entre ellos Gilberto Santa Rosa, Olga Ta\u00f1\u00f3n, Olga Lara, El Gran Combo, Tito Nieves, Anthony Santos, Joe Veras, F\u00e9lix D\u2019 Oleo y Johnny Ventura, entre otros, que se han servido de sus composiciones.<\/p>\n\n\n\n<p class=\"wp-block-paragraph\">Feliz salt\u00f3 a la fama en 1985 con el tema \u201cEl Melao de Mireya\u201d, un cl\u00e1sico con arreglos de Juan Luis Guerra. Ahora, casi 40 a\u00f1os despu\u00e9s, vino a NY a deleitarnos con su banda en su \u00fanica funci\u00f3n en el prestigioso lugar de diversi\u00f3n, como lo es Mamajuana Caf\u00e9.<\/p>\n\n\n\n<p class=\"has-text-align-right wp-block-paragraph\"><em>Ram\u00f3n Mercedes<\/em><\/p>\n","protected":false},"excerpt":{"rendered":"<p>NUEVA YORK, EEUU.- La cultura y el arte brillaron en el Alto Manhattan con la presencia del afamado cantautor dominicano Enrique Feliz, una gloria del arte en la Rep\u00fablica Dominicana y varios pa\u00edses del mundo. Su presentaci\u00f3n fue el pasado fin de semana en Mamajuana Caf\u00e9, ubicado en el 247 de la calle Dyckman con [&hellip;]<\/p>\n","protected":false},"author":1,"featured_media":0,"comment_status":"open","ping_status":"open","sticky":false,"template":"","format":"standard","meta":{"_bbp_topic_count":0,"_bbp_reply_count":0,"_bbp_total_topic_count":0,"_bbp_total_reply_count":0,"_bbp_voice_count":0,"_bbp_anonymous_reply_count":0,"_bbp_topic_count_hidden":0,"_bbp_reply_count_hidden":0,"_bbp_forum_subforum_count":0,"footnotes":""},"categories":[39,60],"tags":[],"class_list":["post-372521","post","type-post","status-publish","format-standard","category-entretenimiento","category-titulares-del-dia"],"_links":{"self":[{"href":"https:\/\/primermomento.com\/index.php?rest_route=\/wp\/v2\/posts\/372521","targetHints":{"allow":["GET"]}}],"collection":[{"href":"https:\/\/primermomento.com\/index.php?rest_route=\/wp\/v2\/posts"}],"about":[{"href":"https:\/\/primermomento.com\/index.php?rest_route=\/wp\/v2\/types\/post"}],"author":[{"embeddable":true,"href":"https:\/\/primermomento.com\/index.php?rest_route=\/wp\/v2\/users\/1"}],"replies":[{"embeddable":true,"href":"https:\/\/primermomento.com\/index.php?rest_route=%2Fwp%2Fv2%2Fcomments&post=372521"}],"version-history":[{"count":1,"href":"https:\/\/primermomento.com\/index.php?rest_route=\/wp\/v2\/posts\/372521\/revisions"}],"predecessor-version":[{"id":372523,"href":"https:\/\/primermomento.com\/index.php?rest_route=\/wp\/v2\/posts\/372521\/revisions\/372523"}],"wp:attachment":[{"href":"https:\/\/primermomento.com\/index.php?rest_route=%2Fwp%2Fv2%2Fmedia&parent=372521"}],"wp:term":[{"taxonomy":"category","embeddable":true,"href":"https:\/\/primermomento.com\/index.php?rest_route=%2Fwp%2Fv2%2Fcategories&post=372521"},{"taxonomy":"post_tag","embeddable":true,"href":"https:\/\/primermomento.com\/index.php?rest_route=%2Fwp%2Fv2%2Ftags&post=372521"}],"curies":[{"name":"wp","href":"https:\/\/api.w.org\/{rel}","templated":true}]}}