{"id":373076,"date":"2022-11-11T13:51:17","date_gmt":"2022-11-11T17:51:17","guid":{"rendered":"http:\/\/primermomento.com\/?p=373076"},"modified":"2022-11-11T14:10:04","modified_gmt":"2022-11-11T18:10:04","slug":"banl-alcaldi-celebro-su-tradicional-encendido-del-arbol-navideno","status":"publish","type":"post","link":"https:\/\/primermomento.com\/?p=373076","title":{"rendered":"BAN\u013a | Alcald\u00eda celebr\u00f3 su tradicional encendido del \u00e1rbol navide\u00f1o"},"content":{"rendered":"\n<p class=\"wp-block-paragraph\">BAN\u013a, Rep\u00fablica Dominicana.- El Ayuntamiento de Ban\u00ed celebr\u00f3 por todo lo alto ayer jueves 10 de noviembre, el tradicional \u201cEncendido del \u00c0rbol de Navidad\u201d con un majestuoso espect\u00e1culo en la plaza Joaqu\u00edn Sergio Inchaustegui que da la bienvenida a esta maravillosa \u00e9poca, as\u00ed como las Fiestas Patronales en honor a la virgen Nuestra Se\u00f1ora de Regla edici\u00f3n 2022.<\/p>\n\n\n<div class=\"wp-block-image\">\n<figure class=\"aligncenter size-full\"><img loading=\"lazy\" decoding=\"async\" width=\"707\" height=\"471\" src=\"http:\/\/primermomento.com\/wp-content\/uploads\/2022\/11\/ENCENDIDO-DEL-ARBOL.jpg\" alt=\"\" class=\"wp-image-373077\" srcset=\"https:\/\/primermomento.com\/wp-content\/uploads\/2022\/11\/ENCENDIDO-DEL-ARBOL.jpg 707w, https:\/\/primermomento.com\/wp-content\/uploads\/2022\/11\/ENCENDIDO-DEL-ARBOL-300x200.jpg 300w, https:\/\/primermomento.com\/wp-content\/uploads\/2022\/11\/ENCENDIDO-DEL-ARBOL-73x50.jpg 73w, https:\/\/primermomento.com\/wp-content\/uploads\/2022\/11\/ENCENDIDO-DEL-ARBOL-500x333.jpg 500w, https:\/\/primermomento.com\/wp-content\/uploads\/2022\/11\/ENCENDIDO-DEL-ARBOL-280x187.jpg 280w, https:\/\/primermomento.com\/wp-content\/uploads\/2022\/11\/ENCENDIDO-DEL-ARBOL-60x40.jpg 60w, https:\/\/primermomento.com\/wp-content\/uploads\/2022\/11\/ENCENDIDO-DEL-ARBOL-638x425.jpg 638w, https:\/\/primermomento.com\/wp-content\/uploads\/2022\/11\/ENCENDIDO-DEL-ARBOL-118x79.jpg 118w, https:\/\/primermomento.com\/wp-content\/uploads\/2022\/11\/ENCENDIDO-DEL-ARBOL-479x319.jpg 479w\" sizes=\"auto, (max-width: 707px) 100vw, 707px\" \/><\/figure>\n<\/div>\n\n\n<p class=\"wp-block-paragraph\">Con un hermoso opening a cargo del Ballet Folclorico del Ayuntamiento Ban\u00ed, seguido de la bendici\u00f3n del Padre Jos\u00e9 Ulises Botello, se dio inicio al hermoso acto de bienvenida a la Navidad.<\/p>\n\n\n\n<p class=\"wp-block-paragraph\">El alcalde Santo Ram\u00edrez en su exhortaci\u00f3n central, invit\u00f3 a los banilejos en sentido general a disfrutar de sus fiestas compartiendo en familia y con el mismo excelente comportamiento exhibido en el pasado a\u00f1o 2021.<\/p>\n\n\n\n<p class=\"wp-block-paragraph\">El presidente del Concejo Edilicio Eddy Pe\u00f1a, al ofrecer las palabras de bienvenida manifest\u00f3 que ser\u00eda propicio llamar a reflexi\u00f3n sobre los tiempos dif\u00edciles que se est\u00e1n viviendo, por lo que dijo Ban\u00ed como una familia que siempre se ha caracterizado debe comportarse a la altura para servir como referencia la nueva generaci\u00f3n la que merece un municipio mejor.<\/p>\n\n\n\n<p class=\"wp-block-paragraph\">La reina de las Fiestas Patronales 2022 Princel D\u00edaz, virreina Cristin Reynoso y princesa Eliana F\u00e9lix hicieron su debut ante el p\u00fablico con mucho carisma.<\/p>\n\n\n\n<p class=\"wp-block-paragraph\">Este a\u00f1o 2022 las ornamentaciones navide\u00f1as de todos los alrededores del parque central Marcos A. Cabral, est\u00e1n inspiradas en la Casa de los Cascanueces.<\/p>\n\n\n\n<p class=\"wp-block-paragraph\">En cada entrada del \u00e1rbol gigantesco fue colocado el personaje alusivo a un mu\u00f1eco de madera vestido de soldado, as\u00ed como figuras decorativas como lazos y bolas en colores azul, rojo, plateado y dorado y bombillas en m\u00faltiples colores.<\/p>\n\n\n\n<p class=\"wp-block-paragraph\">Cabe resaltar la destacada participaci\u00f3n de la Banda de M\u00fasica Municipal, la que desde tempranas horas daba la bienvenida a los que se iban acercando a la actividad con la interpretaci\u00f3n de villancicos.<\/p>\n\n\n\n<p class=\"wp-block-paragraph\">El cierre fue espectacular con la presentaci\u00f3n de Jos\u00e9 Pe\u00f1a Suazo y su Banda Gorda, el artista interpret\u00f3 su repertorio musical en merengues y hasta boleros, patrocinado por el Ayuntamiento de Ban\u00ed.<\/p>\n\n\n\n<p class=\"wp-block-paragraph\">Acudieron a este maravilloso acto adem\u00e1s la gobernadora Civil Yadira B\u00e1ez, la vicealcaldesa Adriana Soto, el senador Milciades Franjul, el alcalde de Nizao, Eleazar Guerrero, el directore de la Junta Distrital de Santana, Yeison Breton, autoridades civiles y militares, miembros de la prensa e invitados especiales y publico en general.<\/p>\n","protected":false},"excerpt":{"rendered":"<p>BAN\u013a, Rep\u00fablica Dominicana.- El Ayuntamiento de Ban\u00ed celebr\u00f3 por todo lo alto ayer jueves 10 de noviembre, el tradicional \u201cEncendido del \u00c0rbol de Navidad\u201d con un majestuoso espect\u00e1culo en la plaza Joaqu\u00edn Sergio Inchaustegui que da la bienvenida a esta maravillosa \u00e9poca, as\u00ed como las Fiestas Patronales en honor a la virgen Nuestra Se\u00f1ora de [&hellip;]<\/p>\n","protected":false},"author":1,"featured_media":0,"comment_status":"open","ping_status":"open","sticky":false,"template":"","format":"standard","meta":{"_bbp_topic_count":0,"_bbp_reply_count":0,"_bbp_total_topic_count":0,"_bbp_total_reply_count":0,"_bbp_voice_count":0,"_bbp_anonymous_reply_count":0,"_bbp_topic_count_hidden":0,"_bbp_reply_count_hidden":0,"_bbp_forum_subforum_count":0,"footnotes":""},"categories":[39,60],"tags":[],"class_list":["post-373076","post","type-post","status-publish","format-standard","category-entretenimiento","category-titulares-del-dia"],"_links":{"self":[{"href":"https:\/\/primermomento.com\/index.php?rest_route=\/wp\/v2\/posts\/373076","targetHints":{"allow":["GET"]}}],"collection":[{"href":"https:\/\/primermomento.com\/index.php?rest_route=\/wp\/v2\/posts"}],"about":[{"href":"https:\/\/primermomento.com\/index.php?rest_route=\/wp\/v2\/types\/post"}],"author":[{"embeddable":true,"href":"https:\/\/primermomento.com\/index.php?rest_route=\/wp\/v2\/users\/1"}],"replies":[{"embeddable":true,"href":"https:\/\/primermomento.com\/index.php?rest_route=%2Fwp%2Fv2%2Fcomments&post=373076"}],"version-history":[{"count":2,"href":"https:\/\/primermomento.com\/index.php?rest_route=\/wp\/v2\/posts\/373076\/revisions"}],"predecessor-version":[{"id":373080,"href":"https:\/\/primermomento.com\/index.php?rest_route=\/wp\/v2\/posts\/373076\/revisions\/373080"}],"wp:attachment":[{"href":"https:\/\/primermomento.com\/index.php?rest_route=%2Fwp%2Fv2%2Fmedia&parent=373076"}],"wp:term":[{"taxonomy":"category","embeddable":true,"href":"https:\/\/primermomento.com\/index.php?rest_route=%2Fwp%2Fv2%2Fcategories&post=373076"},{"taxonomy":"post_tag","embeddable":true,"href":"https:\/\/primermomento.com\/index.php?rest_route=%2Fwp%2Fv2%2Ftags&post=373076"}],"curies":[{"name":"wp","href":"https:\/\/api.w.org\/{rel}","templated":true}]}}