{"id":373264,"date":"2022-11-14T09:04:00","date_gmt":"2022-11-14T13:04:00","guid":{"rendered":"http:\/\/primermomento.com\/?p=373264"},"modified":"2022-11-15T15:26:54","modified_gmt":"2022-11-15T19:26:54","slug":"banl-destacados-artistas-han-participado-en-las-patronales-2022","status":"publish","type":"post","link":"https:\/\/primermomento.com\/?p=373264","title":{"rendered":"BAN\u013a | Artistas toman el escenario de las patronales 2022"},"content":{"rendered":"\n<p class=\"wp-block-paragraph\">BAN\u013a, Rep\u00fablica Dominicana.- Desde que iniciaron las novenas en la Catedral Nuestra Se\u00f1ora de Regla, el pasado s\u00e1bado 11 de noviembre el alcalde Santo Ram\u00edrez ha asistido a todas, como muestra de su devoci\u00f3n por nuestra patrona espiritual, la Virgen de Regla.<\/p>\n\n\n<div class=\"wp-block-image\">\n<figure class=\"aligncenter size-full\"><img loading=\"lazy\" decoding=\"async\" width=\"596\" height=\"398\" src=\"http:\/\/primermomento.com\/wp-content\/uploads\/2022\/11\/Patronales-2022.jpg\" alt=\"\" class=\"wp-image-373265\" srcset=\"https:\/\/primermomento.com\/wp-content\/uploads\/2022\/11\/Patronales-2022.jpg 596w, https:\/\/primermomento.com\/wp-content\/uploads\/2022\/11\/Patronales-2022-300x200.jpg 300w, https:\/\/primermomento.com\/wp-content\/uploads\/2022\/11\/Patronales-2022-73x50.jpg 73w, https:\/\/primermomento.com\/wp-content\/uploads\/2022\/11\/Patronales-2022-500x334.jpg 500w, https:\/\/primermomento.com\/wp-content\/uploads\/2022\/11\/Patronales-2022-280x187.jpg 280w, https:\/\/primermomento.com\/wp-content\/uploads\/2022\/11\/Patronales-2022-60x40.jpg 60w, https:\/\/primermomento.com\/wp-content\/uploads\/2022\/11\/Patronales-2022-118x79.jpg 118w, https:\/\/primermomento.com\/wp-content\/uploads\/2022\/11\/Patronales-2022-479x320.jpg 479w\" sizes=\"auto, (max-width: 596px) 100vw, 596px\" \/><\/figure>\n<\/div>\n\n\n<p class=\"wp-block-paragraph\">El s\u00e1bado 12 fue la homil\u00eda por el reverendo padre Jos\u00e9 Ulises Botello la que estuvo dedicada al Comit\u00e9 Fiestas Patronales del Ayuntamiento, reina de las festividades, departamento Cultura y Ayuntamiento Juvenil.<\/p>\n\n\n\n<p class=\"wp-block-paragraph\">El alcalde Santo Ram\u00edrez en nombre de todos los servidores p\u00fablicos del cabildo y del pueblo banilejo, pidi\u00f3 a la virgen de Regla interceder ante todos para que reina la paz y la tranquilidad en la provincia y el pa\u00eds. Asimismo, record\u00f3 el fat\u00eddico vuelo 587, por cuya tragedia se cumpl\u00eda 21 a\u00f1os y donde perdieron la vida cientos de banilejos.<\/p>\n\n\n\n<p class=\"wp-block-paragraph\">A la novena asistieron de igual modo, la alcaldesa juvenil Rachel Pimentel, las actuales reinas de las festividades, quienes realizaron sus ponencias a los presentes en la que pidieron al Todopoderoso y la madre protectora del pueblo de Ban\u00ed por el bienestar de la municipalidad en sentido general; de igual forma intervino el director de Cultura del cabildo Saulo Betances, quien adem\u00e1s cant\u00f3 el Ave Mar\u00eda frente a la virgencita.<\/p>\n\n\n\n<p class=\"wp-block-paragraph\">Luego de la novena, en las afueras de la iglesia esperaban los integrantes de la Banda de M\u00fasica Municipal quienes interpretaban los merengues de sal\u00f3n que pusieron a bailar a los presentes.<\/p>\n\n\n\n<p class=\"wp-block-paragraph\">En cuanto a las presentaciones art\u00edsticas han desfilados cada noche diferentes g\u00e9neros por la plaza Joaqu\u00edn Sergio Inchaustegui, entre ellos Jos\u00e9 Pe\u00f1a Suazo y la Banda Gorda, Kiko el Crazy, Tony Medrano y Krisspy los que fueron patrocinados por el Ayuntamiento Municipal, Cervecer\u00eda Nacional Dominicana y Peravia Industrial La Famosa, respectivamente.<\/p>\n\n\n\n<p class=\"wp-block-paragraph\">Este lunes 14 de noviembre se espera la participaci\u00f3n de varios DJ y la polifac\u00e9tica cantante Marcel piel morena, a partir de las 9:00PM.<\/p>\n","protected":false},"excerpt":{"rendered":"<p>BAN\u013a, Rep\u00fablica Dominicana.- Desde que iniciaron las novenas en la Catedral Nuestra Se\u00f1ora de Regla, el pasado s\u00e1bado 11 de noviembre el alcalde Santo Ram\u00edrez ha asistido a todas, como muestra de su devoci\u00f3n por nuestra patrona espiritual, la Virgen de Regla. El s\u00e1bado 12 fue la homil\u00eda por el reverendo padre Jos\u00e9 Ulises Botello [&hellip;]<\/p>\n","protected":false},"author":1,"featured_media":0,"comment_status":"open","ping_status":"open","sticky":false,"template":"","format":"standard","meta":{"_bbp_topic_count":0,"_bbp_reply_count":0,"_bbp_total_topic_count":0,"_bbp_total_reply_count":0,"_bbp_voice_count":0,"_bbp_anonymous_reply_count":0,"_bbp_topic_count_hidden":0,"_bbp_reply_count_hidden":0,"_bbp_forum_subforum_count":0,"footnotes":""},"categories":[39,60],"tags":[],"class_list":["post-373264","post","type-post","status-publish","format-standard","category-entretenimiento","category-titulares-del-dia"],"_links":{"self":[{"href":"https:\/\/primermomento.com\/index.php?rest_route=\/wp\/v2\/posts\/373264","targetHints":{"allow":["GET"]}}],"collection":[{"href":"https:\/\/primermomento.com\/index.php?rest_route=\/wp\/v2\/posts"}],"about":[{"href":"https:\/\/primermomento.com\/index.php?rest_route=\/wp\/v2\/types\/post"}],"author":[{"embeddable":true,"href":"https:\/\/primermomento.com\/index.php?rest_route=\/wp\/v2\/users\/1"}],"replies":[{"embeddable":true,"href":"https:\/\/primermomento.com\/index.php?rest_route=%2Fwp%2Fv2%2Fcomments&post=373264"}],"version-history":[{"count":2,"href":"https:\/\/primermomento.com\/index.php?rest_route=\/wp\/v2\/posts\/373264\/revisions"}],"predecessor-version":[{"id":373359,"href":"https:\/\/primermomento.com\/index.php?rest_route=\/wp\/v2\/posts\/373264\/revisions\/373359"}],"wp:attachment":[{"href":"https:\/\/primermomento.com\/index.php?rest_route=%2Fwp%2Fv2%2Fmedia&parent=373264"}],"wp:term":[{"taxonomy":"category","embeddable":true,"href":"https:\/\/primermomento.com\/index.php?rest_route=%2Fwp%2Fv2%2Fcategories&post=373264"},{"taxonomy":"post_tag","embeddable":true,"href":"https:\/\/primermomento.com\/index.php?rest_route=%2Fwp%2Fv2%2Ftags&post=373264"}],"curies":[{"name":"wp","href":"https:\/\/api.w.org\/{rel}","templated":true}]}}