{"id":373453,"date":"2022-11-16T07:44:00","date_gmt":"2022-11-16T11:44:00","guid":{"rendered":"http:\/\/primermomento.com\/?p=373453"},"modified":"2022-11-16T18:49:01","modified_gmt":"2022-11-16T22:49:01","slug":"banl-fiestas-patronales-se-desarrollan-con-colorido-y-esplendor","status":"publish","type":"post","link":"https:\/\/primermomento.com\/?p=373453","title":{"rendered":"BAN\u013a | Fiestas patronales se desarrollan con colorido y esplendor"},"content":{"rendered":"\n<p class=\"wp-block-paragraph\">BAN\u013a, Rep\u00fablica Dominicana.- Las Fiestas Patronales Ban\u00ed 2022 se hicieron sentir la noche de ayer martes 15 de noviembre, con la presentaci\u00f3n del maestro Bony Cepeda y orquesta, los que subieron al escenario muy emotivos para al cabo de unos minutos encender la pista y poner a bailar cientos de personas que estuvieron como espectadores en la plaza Joaqu\u00edn Sergio Inchaustegui, donde estuvo presente el alcalde Santo Ram\u00edrez.<\/p>\n\n\n<div class=\"wp-block-image\">\n<figure class=\"aligncenter size-full\"><img loading=\"lazy\" decoding=\"async\" width=\"596\" height=\"398\" src=\"http:\/\/primermomento.com\/wp-content\/uploads\/2022\/11\/PATRONALES-BONNY-CEPEDA.jpg\" alt=\"\" class=\"wp-image-373454\" srcset=\"https:\/\/primermomento.com\/wp-content\/uploads\/2022\/11\/PATRONALES-BONNY-CEPEDA.jpg 596w, https:\/\/primermomento.com\/wp-content\/uploads\/2022\/11\/PATRONALES-BONNY-CEPEDA-300x200.jpg 300w, https:\/\/primermomento.com\/wp-content\/uploads\/2022\/11\/PATRONALES-BONNY-CEPEDA-73x50.jpg 73w, https:\/\/primermomento.com\/wp-content\/uploads\/2022\/11\/PATRONALES-BONNY-CEPEDA-500x334.jpg 500w, https:\/\/primermomento.com\/wp-content\/uploads\/2022\/11\/PATRONALES-BONNY-CEPEDA-280x187.jpg 280w, https:\/\/primermomento.com\/wp-content\/uploads\/2022\/11\/PATRONALES-BONNY-CEPEDA-60x40.jpg 60w, https:\/\/primermomento.com\/wp-content\/uploads\/2022\/11\/PATRONALES-BONNY-CEPEDA-118x79.jpg 118w, https:\/\/primermomento.com\/wp-content\/uploads\/2022\/11\/PATRONALES-BONNY-CEPEDA-479x320.jpg 479w\" sizes=\"auto, (max-width: 596px) 100vw, 596px\" \/><\/figure>\n<\/div>\n\n\n<p class=\"wp-block-paragraph\">Temas como: \u201cMe tiene Chivo\u201d, \u201cMuchacha Curazole\u00f1a\u201d, \u201cHay Doctor\u201d, \u201cLa vida no es nada f\u00e1cil\u201d, \u201cPalo con ella\u201d, \u201cIgual que el a\u00f1o pasado\u201d, \u201cTus besos\u201d, \u201cEl manda m\u00e1s\u201d \u201cUna fotograf\u00eda\u201d, entre otros cl\u00e1sicos que nunca pasan de moda fueron interpretados por el artista, los que fueron coreados hasta m\u00e1s no poder por los presentes.<\/p>\n\n\n\n<p class=\"wp-block-paragraph\">La actual reina de las festividades en honor a la virgen de Regla, Princel D\u00edaz, as\u00ed como la princesa Eliana F\u00e9lix estuvieron acompa\u00f1ando en todo momento el ejecutivo municipal, quien al ofrecer algunas palabras agradeci\u00f3 al maestro Bonny Cepeda por tomar en cuenta a Ban\u00ed para ofrecer este tremendo concierto en vivo.<\/p>\n\n\n\n<p class=\"wp-block-paragraph\">En nombre de la Gobernaci\u00f3n Peravia, quien fue el patrocinador de esta presentaci\u00f3n art\u00edstica, estuvo presente su asistente Efra\u00edn Castillo y la Relacionadora P\u00fablica, Linnet del Rosario.<\/p>\n\n\n\n<p class=\"wp-block-paragraph\">Previo a este show art\u00edstico la feligres\u00eda cat\u00f3lica celebr\u00f3 la novena en honor a la patrona del pueblo de Ban\u00ed, esta vez presidida por los padres German de Le\u00f3n y Jos\u00e9 Luis Cedano, dedicado al sector transporte, compa\u00f1\u00edas de taxi Peravia y del Sur, Sindicato de Camioneros, Asomicaba, compa\u00f1\u00eda de autobuses Asomiba y Dealers Radhames Motos.<\/p>\n\n\n\n<p class=\"wp-block-paragraph\">Este mi\u00e9rcoles 16 de noviembre se espera la presentaci\u00f3n de Kiko Rodr\u00edguez, varios Dj, as\u00ed como Marcel Piel Morena, cortes\u00eda del Ayuntamiento de Ban\u00ed y el Comit\u00e9 de Festejos de las Fiestas Patronales.<\/p>\n\n\n\n<p class=\"wp-block-paragraph\">Otras de las autoridades de las que se pudo apreciar su asistencia son el presidente del Comit\u00e9 Fiestas Patronales Ban\u00ed 2022 Luis Manuel Hern\u00e1ndez, el edil Le\u00f3nidas D\u00edaz, funcionarios y empleados del cabildo y p\u00fablico en general.<\/p>\n","protected":false},"excerpt":{"rendered":"<p>BAN\u013a, Rep\u00fablica Dominicana.- Las Fiestas Patronales Ban\u00ed 2022 se hicieron sentir la noche de ayer martes 15 de noviembre, con la presentaci\u00f3n del maestro Bony Cepeda y orquesta, los que subieron al escenario muy emotivos para al cabo de unos minutos encender la pista y poner a bailar cientos de personas que estuvieron como espectadores [&hellip;]<\/p>\n","protected":false},"author":1,"featured_media":0,"comment_status":"open","ping_status":"open","sticky":false,"template":"","format":"standard","meta":{"_bbp_topic_count":0,"_bbp_reply_count":0,"_bbp_total_topic_count":0,"_bbp_total_reply_count":0,"_bbp_voice_count":0,"_bbp_anonymous_reply_count":0,"_bbp_topic_count_hidden":0,"_bbp_reply_count_hidden":0,"_bbp_forum_subforum_count":0,"footnotes":""},"categories":[39,60],"tags":[],"class_list":["post-373453","post","type-post","status-publish","format-standard","category-entretenimiento","category-titulares-del-dia"],"_links":{"self":[{"href":"https:\/\/primermomento.com\/index.php?rest_route=\/wp\/v2\/posts\/373453","targetHints":{"allow":["GET"]}}],"collection":[{"href":"https:\/\/primermomento.com\/index.php?rest_route=\/wp\/v2\/posts"}],"about":[{"href":"https:\/\/primermomento.com\/index.php?rest_route=\/wp\/v2\/types\/post"}],"author":[{"embeddable":true,"href":"https:\/\/primermomento.com\/index.php?rest_route=\/wp\/v2\/users\/1"}],"replies":[{"embeddable":true,"href":"https:\/\/primermomento.com\/index.php?rest_route=%2Fwp%2Fv2%2Fcomments&post=373453"}],"version-history":[{"count":1,"href":"https:\/\/primermomento.com\/index.php?rest_route=\/wp\/v2\/posts\/373453\/revisions"}],"predecessor-version":[{"id":373455,"href":"https:\/\/primermomento.com\/index.php?rest_route=\/wp\/v2\/posts\/373453\/revisions\/373455"}],"wp:attachment":[{"href":"https:\/\/primermomento.com\/index.php?rest_route=%2Fwp%2Fv2%2Fmedia&parent=373453"}],"wp:term":[{"taxonomy":"category","embeddable":true,"href":"https:\/\/primermomento.com\/index.php?rest_route=%2Fwp%2Fv2%2Fcategories&post=373453"},{"taxonomy":"post_tag","embeddable":true,"href":"https:\/\/primermomento.com\/index.php?rest_route=%2Fwp%2Fv2%2Ftags&post=373453"}],"curies":[{"name":"wp","href":"https:\/\/api.w.org\/{rel}","templated":true}]}}